{"id":231778,"date":"2026-01-16T18:17:08","date_gmt":"2026-01-16T18:17:08","guid":{"rendered":"https:\/\/www.europesays.com\/pt\/231778\/"},"modified":"2026-01-16T18:17:08","modified_gmt":"2026-01-16T18:17:08","slug":"mercado-perola-da-formacao-paga-a-propria-clausula-de-rescisao-para-sair-do-barcelona","status":"publish","type":"post","link":"https:\/\/www.europesays.com\/pt\/231778\/","title":{"rendered":"Mercado: p\u00e9rola da forma\u00e7\u00e3o paga a pr\u00f3pria cl\u00e1usula de rescis\u00e3o para sair do Barcelona"},"content":{"rendered":"<p><a target=\"_blank\" class=\"editor-link autolink-enabled\" href=\"https:\/\/www.abola.pt\/futebol\/jogador\/dro-fernandez-4433093\" data-resource-id=\"4433093\" data-resource-type=\"player\" data-sport=\"football\" rel=\"nofollow noopener\">Dro Fern\u00e1ndez<\/a> est\u00e1 de sa\u00edda do <a target=\"_blank\" class=\"editor-link autolink-enabled\" href=\"https:\/\/www.abola.pt\/futebol\/barcelona-205\" data-resource-id=\"205\" data-resource-type=\"team\" data-sport=\"football\" rel=\"nofollow noopener\">Barcelona<\/a>. O jovem de 18 anos, formado na La Masia, vai abandonar o clube j\u00e1 em janeiro, num neg\u00f3cio que vai render aos catal\u00e3es apenas seis milh\u00f5es de euros, precisamente o valor da sua cl\u00e1usula de rescis\u00e3o. Foi o pr\u00f3prio atleta a pagar esse montante para mudar de clube ainda este m\u00eas.<\/p>\n<p><a class=\"autolink-enabled\" data-resource-id=\"4433093\" data-resource-type=\"player\" data-sport=\"football\" href=\"https:\/\/www.abola.pt\/futebol\/jogador\/dro-fernandez-4433093\" rel=\"nofollow noopener\" target=\"_blank\">Dro<\/a> era visto como uma das p\u00e9rolas da forma\u00e7\u00e3o e integrou de forma definitiva a equipa principal esta temporada, mas estava insatisfeito com o tempo de jogo &#8211; 150 minutos repartidos por 5 jogos e ainda assistiu na <a class=\"autolink-enabled\" data-resource-id=\"27\" data-resource-type=\"competition\" data-sport=\"football\" href=\"https:\/\/www.abola.pt\/futebol\/competicao\/uefa-champions-league-27\" rel=\"nofollow noopener\" target=\"_blank\">Champions<\/a> contra o <a class=\"autolink-enabled\" data-resource-id=\"554\" data-resource-type=\"team\" data-sport=\"football\" href=\"https:\/\/www.abola.pt\/futebol\/olympiakos-554\" rel=\"nofollow noopener\" target=\"_blank\">Olympiakos<\/a> &#8211; e decidiu sair nesta janela de transfer\u00eancias.<\/p>\n<p>O m\u00e9dio enfrenta uma forte concorr\u00eancia no plantel e j\u00e1 informou Flick e Deck sobre a sua decis\u00e3o na manh\u00e3 desta sexta-feira. O destino ainda est\u00e1 por decidir, mas a imprensa espanhola garante que o atleta recebeu v\u00e1rias propostas de grandes clubes europeus, que depois lhe v\u00e3o pagar o valor da cl\u00e1usula de rescis\u00e3o.<\/p>\n<p>Por\u00e9m, o Bar\u00e7a ainda n\u00e3o desistiu e vai realizar uma reuni\u00e3o nos pr\u00f3ximos dias com o jogador, a sua fam\u00edlia e agente para avaliar a situa\u00e7\u00e3o e ver se ainda \u00e9 poss\u00edvel manter o atleta, que jogou pela \u00faltima vez h\u00e1 um m\u00eas e meio.<\/p>\n","protected":false},"excerpt":{"rendered":"Dro Fern\u00e1ndez est\u00e1 de sa\u00edda do Barcelona. O jovem de 18 anos, formado na La Masia, vai abandonar&hellip;\n","protected":false},"author":2,"featured_media":231779,"comment_status":"","ping_status":"","sticky":false,"template":"","format":"standard","meta":{"footnotes":""},"categories":[8],"tags":[27,28,15,16,14,25,26,21,22,12,13,19,20,32,23,24,33,17,18,29,30,31],"class_list":{"0":"post-231778","1":"post","2":"type-post","3":"status-publish","4":"format-standard","5":"has-post-thumbnail","7":"category-principais-noticias","8":"tag-breaking-news","9":"tag-breakingnews","10":"tag-featured-news","11":"tag-featurednews","12":"tag-headlines","13":"tag-latest-news","14":"tag-latestnews","15":"tag-main-news","16":"tag-mainnews","17":"tag-news","18":"tag-noticias","19":"tag-noticias-principais","20":"tag-noticiasprincipais","21":"tag-portugal","22":"tag-principais-noticias","23":"tag-principaisnoticias","24":"tag-pt","25":"tag-top-stories","26":"tag-topstories","27":"tag-ultimas","28":"tag-ultimas-noticias","29":"tag-ultimasnoticias"},"share_on_mastodon":{"url":"https:\/\/pubeurope.com\/@pt\/115906153252129451","error":""},"_links":{"self":[{"href":"https:\/\/www.europesays.com\/pt\/wp-json\/wp\/v2\/posts\/231778","targetHints":{"allow":["GET"]}}],"collection":[{"href":"https:\/\/www.europesays.com\/pt\/wp-json\/wp\/v2\/posts"}],"about":[{"href":"https:\/\/www.europesays.com\/pt\/wp-json\/wp\/v2\/types\/post"}],"author":[{"embeddable":true,"href":"https:\/\/www.europesays.com\/pt\/wp-json\/wp\/v2\/users\/2"}],"replies":[{"embeddable":true,"href":"https:\/\/www.europesays.com\/pt\/wp-json\/wp\/v2\/comments?post=231778"}],"version-history":[{"count":0,"href":"https:\/\/www.europesays.com\/pt\/wp-json\/wp\/v2\/posts\/231778\/revisions"}],"wp:featuredmedia":[{"embeddable":true,"href":"https:\/\/www.europesays.com\/pt\/wp-json\/wp\/v2\/media\/231779"}],"wp:attachment":[{"href":"https:\/\/www.europesays.com\/pt\/wp-json\/wp\/v2\/media?parent=231778"}],"wp:term":[{"taxonomy":"category","embeddable":true,"href":"https:\/\/www.europesays.com\/pt\/wp-json\/wp\/v2\/categories?post=231778"},{"taxonomy":"post_tag","embeddable":true,"href":"https:\/\/www.europesays.com\/pt\/wp-json\/wp\/v2\/tags?post=231778"}],"curies":[{"name":"wp","href":"https:\/\/api.w.org\/{rel}","templated":true}]}}