{"id":231780,"date":"2026-01-16T18:18:07","date_gmt":"2026-01-16T18:18:07","guid":{"rendered":"https:\/\/www.europesays.com\/pt\/231780\/"},"modified":"2026-01-16T18:18:07","modified_gmt":"2026-01-16T18:18:07","slug":"mel-lisboa-curte-ferias-em-salvador-ao-lado-da-filha-veja-fotos","status":"publish","type":"post","link":"https:\/\/www.europesays.com\/pt\/231780\/","title":{"rendered":"Mel Lisboa curte f\u00e9rias em Salvador ao lado da filha; veja fotos"},"content":{"rendered":"<p><strong>Mel Lisboa<\/strong> escolheu Salvador para curtir as f\u00e9rias do in\u00edcio do ano ao lado da filha, <strong>Clarice<\/strong>. Nesta quinta-feira (15), a artista abriu um \u00e1lbum de fotos em seu perfil no Instagram e mostrou um pouco do roteiro tur\u00edstico que viveu durante a passagem pela capital baiana.<\/p>\n<p><strong>\u201cF\u00e9riazinhas em Salvador. Del\u00edcia demais! E agora, vambora de volta pro batente hehehe\u201d<\/strong>, escreveu a atriz, que no ano passado esgotou todos os ingressos com o musical Rita Lee em Salvador.<\/p>\n<p>Na publica\u00e7\u00e3o, Mel aparece aproveitando passeios pela praia do Farol da Barra, pelo Rio Vermelho e, claro, pelo Centro Hist\u00f3rico, onde caminhou com a herdeira pelas ruas do Pelourinho.<\/p>\n<p>Nos coment\u00e1rios, f\u00e3s e amigos elogiaram os registros. \u201cSalvador, del\u00edcia total! Desfrute, Mel!\u201d, escreveu a atriz Ana Cec\u00edlia Costa. \u201cLindas e f\u00e9rias merecidas, n\u00e9, Mel!!!\u201d, comentou outra seguidora. \u201cDeveria ter ficado pra Lavagem do Bonfim\u201d, sugeriu mais uma.<\/p>\n<blockquote class=\"instagram-media\" style=\"background: #FFF;border: 0;border-radius: 3px;margin: 1px;max-width: 540px;min-width: 326px;padding: 0;width: calc(100% - 2px)\" data-instgrm-captioned=\"\" data-instgrm-permalink=\"https:\/\/www.instagram.com\/p\/DTiPqZmjavP\/?utm_source=ig_embed&amp;utm_campaign=loading\" data-instgrm-version=\"14\">\n<\/blockquote>\n<p>\t\t\t\t<script async src=\"\/\/www.instagram.com\/embed.js\"><\/script><\/p>\n","protected":false},"excerpt":{"rendered":"Mel Lisboa escolheu Salvador para curtir as f\u00e9rias do in\u00edcio do ano ao lado da filha, Clarice. Nesta&hellip;\n","protected":false},"author":2,"featured_media":231781,"comment_status":"","ping_status":"","sticky":false,"template":"","format":"standard","meta":{"footnotes":""},"categories":[145],"tags":[211,210,114,115,32,33],"class_list":{"0":"post-231780","1":"post","2":"type-post","3":"status-publish","4":"format-standard","5":"has-post-thumbnail","7":"category-celebridades","8":"tag-celebridades","9":"tag-celebrities","10":"tag-entertainment","11":"tag-entretenimento","12":"tag-portugal","13":"tag-pt"},"share_on_mastodon":{"url":"https:\/\/pubeurope.com\/@pt\/115906157152216667","error":""},"_links":{"self":[{"href":"https:\/\/www.europesays.com\/pt\/wp-json\/wp\/v2\/posts\/231780","targetHints":{"allow":["GET"]}}],"collection":[{"href":"https:\/\/www.europesays.com\/pt\/wp-json\/wp\/v2\/posts"}],"about":[{"href":"https:\/\/www.europesays.com\/pt\/wp-json\/wp\/v2\/types\/post"}],"author":[{"embeddable":true,"href":"https:\/\/www.europesays.com\/pt\/wp-json\/wp\/v2\/users\/2"}],"replies":[{"embeddable":true,"href":"https:\/\/www.europesays.com\/pt\/wp-json\/wp\/v2\/comments?post=231780"}],"version-history":[{"count":0,"href":"https:\/\/www.europesays.com\/pt\/wp-json\/wp\/v2\/posts\/231780\/revisions"}],"wp:featuredmedia":[{"embeddable":true,"href":"https:\/\/www.europesays.com\/pt\/wp-json\/wp\/v2\/media\/231781"}],"wp:attachment":[{"href":"https:\/\/www.europesays.com\/pt\/wp-json\/wp\/v2\/media?parent=231780"}],"wp:term":[{"taxonomy":"category","embeddable":true,"href":"https:\/\/www.europesays.com\/pt\/wp-json\/wp\/v2\/categories?post=231780"},{"taxonomy":"post_tag","embeddable":true,"href":"https:\/\/www.europesays.com\/pt\/wp-json\/wp\/v2\/tags?post=231780"}],"curies":[{"name":"wp","href":"https:\/\/api.w.org\/{rel}","templated":true}]}}