{"id":231792,"date":"2026-01-16T18:29:07","date_gmt":"2026-01-16T18:29:07","guid":{"rendered":"https:\/\/www.europesays.com\/pt\/231792\/"},"modified":"2026-01-16T18:29:07","modified_gmt":"2026-01-16T18:29:07","slug":"trump-ameaca-com-tarifas-paises-que-nao-alinhem-com-planos-dos-eua-para-gronelandia-mundo","status":"publish","type":"post","link":"https:\/\/www.europesays.com\/pt\/231792\/","title":{"rendered":"Trump amea\u00e7a com tarifas pa\u00edses que \u201cn\u00e3o alinhem\u201d com planos dos EUA para Gronel\u00e2ndia &#8211; Mundo"},"content":{"rendered":"<p class=\"\">&#13;<br \/>\n        Num evento na Casa Branca, o Presidente norte-americano voltou a usar tarifas como uma amea\u00e7a. Desta feita, o republicano disse que pode vir a \u201c<b>aplicar tarifas a pa\u00edses que n\u00e3o alinhem com [a solu\u00e7\u00e3o dos EUA para] a Gronel\u00e2ndia, porque precisamos da Gronel\u00e2ndia para a seguran\u00e7a nacional<\/b>\u201d, cita a Bloomberg. &#13;\n    <\/p>\n<p class=\"\">&#13;<br \/>\n        A afirma\u00e7\u00e3o de Trump chega depois de, na quarta-feira, <a href=\"https:\/\/www.jornaldenegocios.pt\/economia\/europa\/detalhe\/dinamarca-chega-a-acordo-com-eua-para-criacao-de-grupo-de-trabalho-sobre-gronelandia\" target=\"_self\" rel=\"tag nofollow noopener\">a Dinamarca ter concordado em formar um grupo de trabalho com representantes de alto n\u00edvel dos EUA e da Gronel\u00e2ndia<\/a> para decidir o futuro da ilha, confirmou o ministro dos Neg\u00f3cios Estrangeiros dinamarqu\u00eas, Lars Lokke Rasmussen, numa confer\u00eancia de imprensa em Washington DC que se seguiu \u00e0 sua reuni\u00e3o com o vice-presidente dos EUA, J.D. Vance, e o secret\u00e1rio de estado Marco Rubio, na qual esteve tamb\u00e9m presente a conselheira de Neg\u00f3cios Estrangeiros da Gronel\u00e2ndia, Vivian Motzfeldt.  &#13;\n    <\/p>\n<p class=\"\">&#13;<br \/>\n        Ainda durante esta sexta-feira, 16 de janeiro, <b>um grupo de senadores e representantes norte-americanos encontraram-se com legisladores dinamarqueses no parlamento do reino<\/b>. A republicana do Alasca Lisa Murkowski, tida como uma veterana em assuntos relacionados com o \u00c1rtico e que se tem destacado como uma das vozes mais cr\u00edticas dentro do Congresso \u00e0s ambi\u00e7\u00f5es de Trump para o territ\u00f3rio semiaut\u00f3nomo, referiu que a maioria dos americanos se op\u00f5e \u00e0 aquisi\u00e7\u00e3o da ilha. \u201c<b>A Gronel\u00e2ndia precisa de ser vista como nossa aliada, n\u00e3o como um ativo<\/b>\u201d, disse Murkowski aos rep\u00f3rteres em Copenhaga. Acrescentou ainda que \u201cacho que \u00e9 isso que voc\u00eas est\u00e3o a ouvir com esta delega\u00e7\u00e3o [norte-americana que viajou para a Dinamarca]\u201d. &#13;\n    <\/p>\n<p class=\"\">&#13;<br \/>\n        Assim, <b>o impasse sobre o futuro da maior ilha do mundo mant\u00e9m-se<\/b>. Trump tem insistido repetidamente que os EUA precisam de controlar o territ\u00f3rio, uma <b>ambi\u00e7\u00e3o que tem sido rejeitada repetidamente pelos dinamarqueses e pelos gronelandeses<\/b>. <b>No s\u00e1bado, \u00e9 esperado que v\u00e1rios milhares de pessoas saiam \u00e0s ruas de Copenhaga e de outras cidades do pa\u00eds para protestar contra as ambi\u00e7\u00f5es do Presidente norte-americano.<\/b> &#13;\n    <\/p>\n","protected":false},"excerpt":{"rendered":"&#13; Num evento na Casa Branca, o Presidente norte-americano voltou a usar tarifas como uma amea\u00e7a. Desta feita,&hellip;\n","protected":false},"author":2,"featured_media":231793,"comment_status":"","ping_status":"","sticky":false,"template":"","format":"standard","meta":{"footnotes":""},"categories":[50],"tags":[27131,27,28,3883,44334,41011,235,15,16,13033,14,7740,25,26,44335,21,22,18507,62,12,13,19,20,23,24,717,17,18,29,30,31,43990,63,64,65],"class_list":{"0":"post-231792","1":"post","2":"type-post","3":"status-publish","4":"format-standard","5":"has-post-thumbnail","7":"category-mundo","8":"tag-ameacas","9":"tag-breaking-news","10":"tag-breakingnews","11":"tag-criticas","12":"tag-criticos","13":"tag-democracia-crista","14":"tag-estados-unidos","15":"tag-featured-news","16":"tag-featurednews","17":"tag-gronelandia","18":"tag-headlines","19":"tag-jd-vance","20":"tag-latest-news","21":"tag-latestnews","22":"tag-lisa-murkowski","23":"tag-main-news","24":"tag-mainnews","25":"tag-marco-rubio","26":"tag-mundo","27":"tag-news","28":"tag-noticias","29":"tag-noticias-principais","30":"tag-noticiasprincipais","31":"tag-principais-noticias","32":"tag-principaisnoticias","33":"tag-tarifas","34":"tag-top-stories","35":"tag-topstories","36":"tag-ultimas","37":"tag-ultimas-noticias","38":"tag-ultimasnoticias","39":"tag-vivian-motzfeldt","40":"tag-world","41":"tag-world-news","42":"tag-worldnews"},"share_on_mastodon":{"url":"","error":"Validation failed: Text character limit of 500 exceeded"},"_links":{"self":[{"href":"https:\/\/www.europesays.com\/pt\/wp-json\/wp\/v2\/posts\/231792","targetHints":{"allow":["GET"]}}],"collection":[{"href":"https:\/\/www.europesays.com\/pt\/wp-json\/wp\/v2\/posts"}],"about":[{"href":"https:\/\/www.europesays.com\/pt\/wp-json\/wp\/v2\/types\/post"}],"author":[{"embeddable":true,"href":"https:\/\/www.europesays.com\/pt\/wp-json\/wp\/v2\/users\/2"}],"replies":[{"embeddable":true,"href":"https:\/\/www.europesays.com\/pt\/wp-json\/wp\/v2\/comments?post=231792"}],"version-history":[{"count":0,"href":"https:\/\/www.europesays.com\/pt\/wp-json\/wp\/v2\/posts\/231792\/revisions"}],"wp:featuredmedia":[{"embeddable":true,"href":"https:\/\/www.europesays.com\/pt\/wp-json\/wp\/v2\/media\/231793"}],"wp:attachment":[{"href":"https:\/\/www.europesays.com\/pt\/wp-json\/wp\/v2\/media?parent=231792"}],"wp:term":[{"taxonomy":"category","embeddable":true,"href":"https:\/\/www.europesays.com\/pt\/wp-json\/wp\/v2\/categories?post=231792"},{"taxonomy":"post_tag","embeddable":true,"href":"https:\/\/www.europesays.com\/pt\/wp-json\/wp\/v2\/tags?post=231792"}],"curies":[{"name":"wp","href":"https:\/\/api.w.org\/{rel}","templated":true}]}}