{"id":231794,"date":"2026-01-16T18:31:12","date_gmt":"2026-01-16T18:31:12","guid":{"rendered":"https:\/\/www.europesays.com\/pt\/231794\/"},"modified":"2026-01-16T18:31:12","modified_gmt":"2026-01-16T18:31:12","slug":"precos-dos-combustiveis-voltam-a-subir-na-proxima-semana","status":"publish","type":"post","link":"https:\/\/www.europesays.com\/pt\/231794\/","title":{"rendered":"Pre\u00e7os dos combust\u00edveis voltam a subir na pr\u00f3xima semana"},"content":{"rendered":"<p>Depois do ligeiro al\u00edvio sentido nas \u00faltimas semanas<strong>, os pre\u00e7os dos combust\u00edveis v\u00e3o voltar a subir na pr\u00f3xima semana. A partir de segunda-feira o gas\u00f3leo dever\u00e1 ficar 2,5 c\u00eantimos mais caro<\/strong> e o pre\u00e7o da gasolina dever\u00e1 aumentar um c\u00eantimo. As previs\u00f5es s\u00e3o avan\u00e7adas pelo Autom\u00f3vel Club de Portugal (ACP), citando fontes do sector.<\/p>\n<p>Segundo o ACP, as estimativas apresentadas t\u00eam por base a assun\u00e7\u00e3o da manuten\u00e7\u00e3o das medidas extraordin\u00e1rias de redu\u00e7\u00e3o fiscal aplicadas pelo Governo para mitigar o aumento dos pre\u00e7os. As medidas em vigor incluem a redu\u00e7\u00e3o do ISP e a compensa\u00e7\u00e3o da receita adicional do IVA. Estas previs\u00f5es t\u00eam tamb\u00e9m em conta a evolu\u00e7\u00e3o das cota\u00e7\u00f5es do petr\u00f3leo e dos produtos refinados.<\/p>\n<p>De acordo com a Dire\u00e7\u00e3o Geral de Energia e Geologia (DGEG) o pre\u00e7o m\u00e9dio do litro de gas\u00f3leo em Portugal custa esta sexta-feira, 16 de janeiro, \u20ac1,535, enquanto o pre\u00e7o m\u00e9dio da gasolina totaliza \u20ac1,657.<\/p>\n<p>Caso se confirmem as previs\u00f5es para a pr\u00f3xima semana, o<strong> pre\u00e7o m\u00e9dio do gas\u00f3leo simples vai subir para \u20ac1,56 por litro<\/strong>, enquanto o <strong>pre\u00e7o m\u00e9dio da gasolina simples 95 dever\u00e1 aumentar para \u20ac1,667 por litro.<\/strong><\/p>\n","protected":false},"excerpt":{"rendered":"Depois do ligeiro al\u00edvio sentido nas \u00faltimas semanas, os pre\u00e7os dos combust\u00edveis v\u00e3o voltar a subir na pr\u00f3xima&hellip;\n","protected":false},"author":2,"featured_media":231795,"comment_status":"","ping_status":"","sticky":false,"template":"","format":"standard","meta":{"footnotes":""},"categories":[8],"tags":[27,28,15,16,14,25,26,21,22,12,13,19,20,32,23,24,33,17,18,29,30,31],"class_list":{"0":"post-231794","1":"post","2":"type-post","3":"status-publish","4":"format-standard","5":"has-post-thumbnail","7":"category-principais-noticias","8":"tag-breaking-news","9":"tag-breakingnews","10":"tag-featured-news","11":"tag-featurednews","12":"tag-headlines","13":"tag-latest-news","14":"tag-latestnews","15":"tag-main-news","16":"tag-mainnews","17":"tag-news","18":"tag-noticias","19":"tag-noticias-principais","20":"tag-noticiasprincipais","21":"tag-portugal","22":"tag-principais-noticias","23":"tag-principaisnoticias","24":"tag-pt","25":"tag-top-stories","26":"tag-topstories","27":"tag-ultimas","28":"tag-ultimas-noticias","29":"tag-ultimasnoticias"},"share_on_mastodon":{"url":"https:\/\/pubeurope.com\/@pt\/115906208675382613","error":""},"_links":{"self":[{"href":"https:\/\/www.europesays.com\/pt\/wp-json\/wp\/v2\/posts\/231794","targetHints":{"allow":["GET"]}}],"collection":[{"href":"https:\/\/www.europesays.com\/pt\/wp-json\/wp\/v2\/posts"}],"about":[{"href":"https:\/\/www.europesays.com\/pt\/wp-json\/wp\/v2\/types\/post"}],"author":[{"embeddable":true,"href":"https:\/\/www.europesays.com\/pt\/wp-json\/wp\/v2\/users\/2"}],"replies":[{"embeddable":true,"href":"https:\/\/www.europesays.com\/pt\/wp-json\/wp\/v2\/comments?post=231794"}],"version-history":[{"count":0,"href":"https:\/\/www.europesays.com\/pt\/wp-json\/wp\/v2\/posts\/231794\/revisions"}],"wp:featuredmedia":[{"embeddable":true,"href":"https:\/\/www.europesays.com\/pt\/wp-json\/wp\/v2\/media\/231795"}],"wp:attachment":[{"href":"https:\/\/www.europesays.com\/pt\/wp-json\/wp\/v2\/media?parent=231794"}],"wp:term":[{"taxonomy":"category","embeddable":true,"href":"https:\/\/www.europesays.com\/pt\/wp-json\/wp\/v2\/categories?post=231794"},{"taxonomy":"post_tag","embeddable":true,"href":"https:\/\/www.europesays.com\/pt\/wp-json\/wp\/v2\/tags?post=231794"}],"curies":[{"name":"wp","href":"https:\/\/api.w.org\/{rel}","templated":true}]}}