{"id":231796,"date":"2026-01-16T18:32:18","date_gmt":"2026-01-16T18:32:18","guid":{"rendered":"https:\/\/www.europesays.com\/pt\/231796\/"},"modified":"2026-01-16T18:32:18","modified_gmt":"2026-01-16T18:32:18","slug":"ator-e-dono-de-mansao-de-r-250-milhoes-e-vive-afastamento-da-tv","status":"publish","type":"post","link":"https:\/\/www.europesays.com\/pt\/231796\/","title":{"rendered":"Ator \u00e9 dono de mans\u00e3o de R$ 250 milh\u00f5es e vive afastamento da TV"},"content":{"rendered":"<p>Afastado da TV desde 2022,\u00a0<a href=\"https:\/\/caras.com.br\/tags\/marcio-garcia\" rel=\"nofollow noopener\" target=\"_blank\"><strong>M\u00e1rcio Garcia<\/strong><\/a> (55) \u00e9 dono de uma mans\u00e3o avaliada em R$ 250 milh\u00f5es \u2014considerada a mais cara do pa\u00eds, segundo o portal <a href=\"https:\/\/www.correio24horas.com.br\/em-alta\/como-e-a-mansao-de-r-250-milhoes-de-marcio-garcia-a-mais-cara-do-brasil-1025\" rel=\"nofollow noopener\" target=\"_blank\">Correio 24 horas<\/a>. Localizada no Jo\u00e1, aos p\u00e9s da Pedra da G\u00e1vea, no Rio de Janeiro, o im\u00f3vel luxuoso entrega uma vista privilegiada da Barra da Tijuca.<\/p>\n<p>Com 6.000 m\u00b2 de terreno e 2.000 m\u00b2 climatizados, o im\u00f3vel possui sete su\u00edtes, 18 banheiros e tr\u00eas cozinhas completamente equipadas. As \u00e1reas de lazer contam com cinema particular, boate, academia completa, quadra de t\u00eanis, campo de futebol e horta.<\/p>\n<p><strong>Leia tamb\u00e9m<\/strong>: <a href=\"https:\/\/caras.com.br\/casa-dos-famosos\/marcio-garcia-surpreende-ao-mostrar-como-e-piscina-luxuosa-de-sua-mansao.phtml\" rel=\"nofollow noopener\" target=\"_blank\">M\u00e1rcio Garcia surpreende ao mostrar como \u00e9 a piscina luxuosa de sua mans\u00e3o<\/a><\/p>\n<p>Para aumentar ainda mais o luxo, o espa\u00e7o externo possui piscina com duas raias semiol\u00edmpicas, jacuzzi para at\u00e9 10 pessoas, mini golfe e \u00e1reas de conviv\u00eancia extensas. At\u00e9 outubro do ano passado, o im\u00f3vel aguardava por um comprador a altura, que combine com o perfil exclusivo da mans\u00e3o.<\/p>\n<p>\t Confira fotos da mans\u00e3o de M\u00e1rcio Garcia! <img decoding=\"async\" src=\"https:\/\/www.europesays.com\/pt\/wp-content\/uploads\/2026\/01\/mansao-marcio-garcia-1.jpeg\" class=\"img-fluid lazy\"\/><\/p>\n<p>Foto: Reprodu\u00e7\u00e3o\/YouTube<\/p>\n<p>    <img decoding=\"async\" src=\"https:\/\/www.europesays.com\/pt\/wp-content\/uploads\/2026\/01\/mansao-marcio-garcia-2.jpeg\" class=\"img-fluid lazy\"\/><\/p>\n<p>Foto: Reprodu\u00e7\u00e3o\/YouTube<\/p>\n<p>    <img decoding=\"async\" src=\"https:\/\/www.europesays.com\/pt\/wp-content\/uploads\/2026\/01\/mansao-marcio-garcia-3.jpeg\" class=\"img-fluid lazy\"\/><\/p>\n<p>Foto: Reprodu\u00e7\u00e3o\/YouTube<\/p>\n<p>    <img decoding=\"async\" src=\"https:\/\/www.europesays.com\/pt\/wp-content\/uploads\/2026\/01\/mansao-marcio-garcia-4.jpeg\" class=\"img-fluid lazy\"\/><\/p>\n<p>Foto: Reprodu\u00e7\u00e3o\/YouTube<\/p>\n<p>    <img decoding=\"async\" src=\"https:\/\/www.europesays.com\/pt\/wp-content\/uploads\/2026\/01\/mansao-marcio-garcia-5.jpeg\" class=\"img-fluid lazy\"\/><\/p>\n<p>Foto: Reprodu\u00e7\u00e3o\/YouTube<\/p>\n<p>    <img decoding=\"async\" src=\"https:\/\/www.europesays.com\/pt\/wp-content\/uploads\/2026\/01\/mansao-marcio-garcia-6.jpeg\" class=\"img-fluid lazy\"\/><\/p>\n<p>Foto: Reprodu\u00e7\u00e3o\/YouTube<\/p>\n<p>    <img decoding=\"async\" src=\"https:\/\/www.europesays.com\/pt\/wp-content\/uploads\/2026\/01\/mansao-marcio-garcia-7.jpeg\" class=\"img-fluid lazy\"\/><\/p>\n<p>Foto: Reprodu\u00e7\u00e3o\/YouTube<\/p>\n<p>    <img decoding=\"async\" src=\"https:\/\/www.europesays.com\/pt\/wp-content\/uploads\/2026\/01\/mansao-marcio-garcia-8.jpeg\" class=\"img-fluid lazy\"\/><\/p>\n<p>Foto: Reprodu\u00e7\u00e3o\/YouTube<\/p>\n<p>    <img decoding=\"async\" src=\"https:\/\/www.europesays.com\/pt\/wp-content\/uploads\/2026\/01\/mansao-marcio-garcia-9.jpeg\" class=\"img-fluid lazy\"\/><\/p>\n<p>Foto: Reprodu\u00e7\u00e3o\/YouTube<\/p>\n<p>    <img decoding=\"async\" src=\"https:\/\/www.europesays.com\/pt\/wp-content\/uploads\/2026\/01\/mansao-marcio-garcia-10.jpeg\" class=\"img-fluid lazy\"\/><\/p>\n<p>Foto: Reprodu\u00e7\u00e3o\/YouTube<\/p>\n<p>    <img decoding=\"async\" src=\"https:\/\/www.europesays.com\/pt\/wp-content\/uploads\/2026\/01\/mansao-marcio-garcia-11.jpeg\" class=\"img-fluid lazy\"\/><\/p>\n<p>Foto: Reprodu\u00e7\u00e3o\/YouTube<\/p>\n<p>    <img decoding=\"async\" src=\"https:\/\/www.europesays.com\/pt\/wp-content\/uploads\/2026\/01\/mansao-marcio-garcia-12-1.jpeg\" class=\"img-fluid lazy\"\/><\/p>\n<p>Foto: Reprodu\u00e7\u00e3o\/YouTube<\/p>\n<p>    <img decoding=\"async\" src=\"https:\/\/www.europesays.com\/pt\/wp-content\/uploads\/2026\/01\/mansao-marcio-garcia-13.jpeg\" class=\"img-fluid lazy\"\/><\/p>\n<p>Foto: Reprodu\u00e7\u00e3o\/YouTube<\/p>\n<p>                        Previous<\/p>\n<p>                        Next<\/p>\n<p>Bastante discreto quanto \u00e0 vida pessoal, em 2023 ele usou seu perfil do Instagram para mostrar um momento em fam\u00edlia na propriedade. \u00c0 \u00e9poca, os f\u00e3s se impressionaram com a grandiosidade da \u00e1rea externa da mans\u00e3o, local em que ele aproveitava para renovar o bronzeado ao lado da esposa, <strong>Andrea Santa Rosa<\/strong>, enquanto assistia os filhos jogando futebol.<\/p>\n<p>\u201cExiste um momento da vida em que voc\u00ea deixa de ser prioridade pra voc\u00ea mesmo! Nada \u00e9 mais satisfat\u00f3rio do que estar com eles ou simplesmente os observar. Encher a casa com seus amigos e v\u00ea-los correndo ao ar livre, n\u00e3o tem pre\u00e7o! Conforta a alma\u2026 Obrigado, meu Deus por essa oportunidade\u201c, escreveu o artista na legenda da publica\u00e7\u00e3o.<\/p>\n<blockquote class=\"instagram-media\" style=\"background: #FFF; border: 0; border-radius: 3px; box-shadow: 0 0 1px 0 rgba(0,0,0,0.5),0 1px 10px 0 rgba(0,0,0,0.15); margin: 1px; max-width: 540px; min-width: 326px; padding: 0; width: calc(100% - 2px);\" data-instgrm-captioned=\"\" data-instgrm-permalink=\"https:\/\/www.instagram.com\/p\/Csg3i_4rLqH\/?utm_source=ig_embed&amp;utm_campaign=loading\" data-instgrm-version=\"14\"><\/blockquote>\n<p>  FIQUE POR DENTRO DAS \u00daLTIMAS NOVIDADES ACOMPANHANDO O INSTAGRAM DA CARAS BRASIL: <\/p>\n<blockquote class=\"instagram-media\" style=\"background: #FFF; border: 0; border-radius: 3px; box-shadow: 0 0 1px 0 rgba(0,0,0,0.5),0 1px 10px 0 rgba(0,0,0,0.15); margin: 1px; max-width: 540px; min-width: 326px; padding: 0; width: calc(100% - 2px);\" data-instgrm-captioned=\"\" data-instgrm-permalink=\"https:\/\/www.instagram.com\/p\/DTim6QYlezH\/?utm_source=ig_embed&amp;utm_campaign=loading\" data-instgrm-version=\"14\"><\/blockquote>\n<p>\t                                            <script async src=\"\/\/www.instagram.com\/embed.js\"><\/script><\/p>\n","protected":false},"excerpt":{"rendered":"Afastado da TV desde 2022,\u00a0M\u00e1rcio Garcia (55) \u00e9 dono de uma mans\u00e3o avaliada em R$ 250 milh\u00f5es \u2014considerada&hellip;\n","protected":false},"author":2,"featured_media":231797,"comment_status":"","ping_status":"","sticky":false,"template":"","format":"standard","meta":{"footnotes":""},"categories":[145],"tags":[211,210,114,115,1874,32799,32,33,151],"class_list":{"0":"post-231796","1":"post","2":"type-post","3":"status-publish","4":"format-standard","5":"has-post-thumbnail","7":"category-celebridades","8":"tag-celebridades","9":"tag-celebrities","10":"tag-entertainment","11":"tag-entretenimento","12":"tag-mansao","13":"tag-marcio-garcia","14":"tag-portugal","15":"tag-pt","16":"tag-tv"},"share_on_mastodon":{"url":"https:\/\/pubeurope.com\/@pt\/115906212373257142","error":""},"_links":{"self":[{"href":"https:\/\/www.europesays.com\/pt\/wp-json\/wp\/v2\/posts\/231796","targetHints":{"allow":["GET"]}}],"collection":[{"href":"https:\/\/www.europesays.com\/pt\/wp-json\/wp\/v2\/posts"}],"about":[{"href":"https:\/\/www.europesays.com\/pt\/wp-json\/wp\/v2\/types\/post"}],"author":[{"embeddable":true,"href":"https:\/\/www.europesays.com\/pt\/wp-json\/wp\/v2\/users\/2"}],"replies":[{"embeddable":true,"href":"https:\/\/www.europesays.com\/pt\/wp-json\/wp\/v2\/comments?post=231796"}],"version-history":[{"count":0,"href":"https:\/\/www.europesays.com\/pt\/wp-json\/wp\/v2\/posts\/231796\/revisions"}],"wp:featuredmedia":[{"embeddable":true,"href":"https:\/\/www.europesays.com\/pt\/wp-json\/wp\/v2\/media\/231797"}],"wp:attachment":[{"href":"https:\/\/www.europesays.com\/pt\/wp-json\/wp\/v2\/media?parent=231796"}],"wp:term":[{"taxonomy":"category","embeddable":true,"href":"https:\/\/www.europesays.com\/pt\/wp-json\/wp\/v2\/categories?post=231796"},{"taxonomy":"post_tag","embeddable":true,"href":"https:\/\/www.europesays.com\/pt\/wp-json\/wp\/v2\/tags?post=231796"}],"curies":[{"name":"wp","href":"https:\/\/api.w.org\/{rel}","templated":true}]}}