{"id":231823,"date":"2026-01-16T18:57:08","date_gmt":"2026-01-16T18:57:08","guid":{"rendered":"https:\/\/www.europesays.com\/pt\/231823\/"},"modified":"2026-01-16T18:57:08","modified_gmt":"2026-01-16T18:57:08","slug":"resultados-presidenciais-2026-observador","status":"publish","type":"post","link":"https:\/\/www.europesays.com\/pt\/231823\/","title":{"rendered":"Resultados Presidenciais 2026 &#8211; Observador"},"content":{"rendered":"<ol>\n<li><a href=\"https:\/\/news.google.com\/rss\/articles\/CBMiYkFVX3lxTE5PWU5mM24wdWVzWC1MWklDY0t0VU80VElubnVpRTNCR1Vid2tQS19lSWVyZ2NIbWZKdHpoX3U5dklwLVRyREFaYXdQbkpRSjM4VnlucVdsTFBYR2NqLWlvSld3?oc=5\" target=\"_blank\" rel=\"nofollow noopener\">Resultados Presidenciais 2026<\/a>&nbsp;&nbsp;Observador<\/li>\n<li><a href=\"https:\/\/news.google.com\/rss\/articles\/CBMirAFBVV95cUxOZFk5UGQ0bG4yQ0EwbzdDd1J6T2FudE16eGk2N0piZEtHQ3FyTzhacWdlTkFWMWpwSDl2Ym5kVEJ5ckhSaGlOa3FiMVh0S2V4eVFVMWtoNmhvblFBUUhpRTFWVUphNkxFbFpOellNcDJJbjNpTjQ4ZldDSnNodjkwWHl6SWhocE1IMDdRZy1OMVp5czBBZXJsekZnVXl6bU15b0hyUkNpMkdVWkht0gG7AUFVX3lxTE1FdERsM3lXMFdBXzJGU3gyaUlKX0lFcEpIVkFkd2NIUDRVNTJMUWhpMzV4d3B4b1NlWmlzbjdfQmNYLWtTVGRFQWN6MzV1QVc3ZGh2Y2RYaUxBcGRlQzczNTdUX002QlY0bkNBYVNxSjBGVmZucWRnNm05dTByZHNoWXB4ejBGbVJ1Q1FnRXRQM1hpemZOTGZUZUZuRHd2YkZkWlhaMXFTLVlVVmR1QkVZZm9TTS1RdXNZOHc?oc=5\" target=\"_blank\" rel=\"nofollow noopener\">As elei\u00e7\u00f5es que podem sacudir o mundo<\/a>&nbsp;&nbsp;Valor Econ\u00f4mico<\/li>\n<li><a href=\"https:\/\/news.google.com\/rss\/articles\/CBMiugFBVV95cUxOOHlHVWRLNlRhWFJEUjR3amN0WC1QR1NIMWF1Rm5KS2ZsRXk4ZzgwYzFPaElUVnk5a3NuZk53a09pb1V5UHdmODZmX1lwN18yQ1lKZFYxU3U5OHNaN1d0R3NkYW5NZzVYclhqdkdBaWM2TjZEcE5Dd0o0ZWR4N3hCNGhLVTFvdV85aWt0aloya3BiUERkY0Q3WTN6YUNsR2F6eWN5elpuRS1Dc0QtdWVEdlNmZUloZVluQ0E?oc=5\" target=\"_blank\" rel=\"nofollow noopener\">Opini\u00e3o | EUA, Israel e mais: quais as elei\u00e7\u00f5es para ficarmos de olho pelo mundo em 2026?<\/a>&nbsp;&nbsp;Estad\u00e3o<\/li>\n<li><a href=\"https:\/\/news.google.com\/rss\/articles\/CBMi-AFBVV95cUxQak02bUZGZXJkOTZnUlpzeVFZOTNqbVFycEFvZ2NwekZCTVpicXAwX3ZRZVkwbktLQjh4UVFZRWRsbVl0Vy1mVGFoZXhxRGc2R01NOGE0aWNLTnl5dDE1N2pHSVZfY2M1ZnBaUmNjQk1ZalZPVjVpSjlSVk9pVzhxWWpRSG9GS19DaW5aSWh3V3hpakdsaFkzVXZyZVRyUnlGdlZjTURDZ0J0UWhORlRGam9kR1diRXdqbjlsZC1yb05uWDVwVGtFZWdkX1dHUmtMWHVJQndralg4R1hzRFpLLWd2d19EYW12N3ZqNVFiNDEwc25wZC0tMg?oc=5\" target=\"_blank\" rel=\"nofollow noopener\">Em cen\u00e1rio de \u2018direitas mais raivosas e esquerdas mais moderadas\u2019, Am\u00e9rica Latina ter\u00e1 ano eleitoral decisivo com 5 elei\u00e7\u00f5es<\/a>&nbsp;&nbsp;Brasil de Fato<\/li>\n<li><a href=\"https:\/\/news.google.com\/rss\/articles\/CBMitAFBVV95cUxNaWdKZnRjMV9HalBBMjZFVm4zTzY4akVmbG1kcHVIREQ2QUdxanhqVGMtUGlaQzgwaGdvNC1Oa2t1SkJUNWRZV3NrUXBWRDNfdWFfalEtMXRHVVFnc29TakRzOGQtSTlxdmNXS0w3enRIdktST01mYXNmRFg1ajRkdGVFcEVlU1JpY0xDSkxzR3ZUcG1mMU5EUGNuZmV6b0tCOWN5cnJtbmdmVlZEalJ4SlN4YlTSAboBQVVfeXFMTXhWWl8wNlJBd2x5czZ1UERYb3RkdEVYTEtqZU1pREJ3dUl2LUhsNTFjUzZHM3ZYbXpsTW9ZZUMyM0JVd3dqRHNsU0lmWVZtRWFXbjlpSWxZTm9mal84ampNQ25LWnpFcjJtZ1Y3VHRfVXVQc09GLUN0TE91YTkweHBOU3VGN1lGdldhdUEtcW9wOHRKNFJHOEFIRjZwaGtIMkdyUlI3b3FuQXl0MkhVMV9LajRKMVJVUmRB?oc=5\" target=\"_blank\" rel=\"nofollow noopener\">N\u00e3o \u00e9 s\u00f3 no Brasil: as elei\u00e7\u00f5es que v\u00e3o marcar 2026 e prometem mudar o mundo<\/a>&nbsp;&nbsp;InfoMoney<\/li>\n<\/ol>\n","protected":false},"excerpt":{"rendered":"Resultados Presidenciais 2026&nbsp;&nbsp;Observador As elei\u00e7\u00f5es que podem sacudir o mundo&nbsp;&nbsp;Valor Econ\u00f4mico Opini\u00e3o | EUA, Israel e mais: quais&hellip;\n","protected":false},"author":2,"featured_media":231824,"comment_status":"","ping_status":"","sticky":false,"template":"","format":"standard","meta":{"footnotes":""},"categories":[50],"tags":[27,28,1077,15,16,14,25,26,21,22,62,12,13,19,20,302,5215,1076,23,24,17,18,29,30,31,63,64,65],"class_list":{"0":"post-231823","1":"post","2":"type-post","3":"status-publish","4":"format-standard","5":"has-post-thumbnail","7":"category-mundo","8":"tag-breaking-news","9":"tag-breakingnews","10":"tag-eleiu00e7u00f5es","11":"tag-featured-news","12":"tag-featurednews","13":"tag-headlines","14":"tag-latest-news","15":"tag-latestnews","16":"tag-main-news","17":"tag-mainnews","18":"tag-mundo","19":"tag-news","20":"tag-noticias","21":"tag-noticias-principais","22":"tag-noticiasprincipais","23":"tag-polu00edtica","24":"tag-presidenciais","25":"tag-presidenciais-2026","26":"tag-principais-noticias","27":"tag-principaisnoticias","28":"tag-top-stories","29":"tag-topstories","30":"tag-ultimas","31":"tag-ultimas-noticias","32":"tag-ultimasnoticias","33":"tag-world","34":"tag-world-news","35":"tag-worldnews"},"share_on_mastodon":{"url":"https:\/\/pubeurope.com\/@pt\/115906310637455114","error":""},"_links":{"self":[{"href":"https:\/\/www.europesays.com\/pt\/wp-json\/wp\/v2\/posts\/231823","targetHints":{"allow":["GET"]}}],"collection":[{"href":"https:\/\/www.europesays.com\/pt\/wp-json\/wp\/v2\/posts"}],"about":[{"href":"https:\/\/www.europesays.com\/pt\/wp-json\/wp\/v2\/types\/post"}],"author":[{"embeddable":true,"href":"https:\/\/www.europesays.com\/pt\/wp-json\/wp\/v2\/users\/2"}],"replies":[{"embeddable":true,"href":"https:\/\/www.europesays.com\/pt\/wp-json\/wp\/v2\/comments?post=231823"}],"version-history":[{"count":0,"href":"https:\/\/www.europesays.com\/pt\/wp-json\/wp\/v2\/posts\/231823\/revisions"}],"wp:featuredmedia":[{"embeddable":true,"href":"https:\/\/www.europesays.com\/pt\/wp-json\/wp\/v2\/media\/231824"}],"wp:attachment":[{"href":"https:\/\/www.europesays.com\/pt\/wp-json\/wp\/v2\/media?parent=231823"}],"wp:term":[{"taxonomy":"category","embeddable":true,"href":"https:\/\/www.europesays.com\/pt\/wp-json\/wp\/v2\/categories?post=231823"},{"taxonomy":"post_tag","embeddable":true,"href":"https:\/\/www.europesays.com\/pt\/wp-json\/wp\/v2\/tags?post=231823"}],"curies":[{"name":"wp","href":"https:\/\/api.w.org\/{rel}","templated":true}]}}