{"id":231839,"date":"2026-01-16T19:08:12","date_gmt":"2026-01-16T19:08:12","guid":{"rendered":"https:\/\/www.europesays.com\/pt\/231839\/"},"modified":"2026-01-16T19:08:12","modified_gmt":"2026-01-16T19:08:12","slug":"sao-jose-troca-corpo-do-cunhado-de-manuel-luis-goucha-observador","status":"publish","type":"post","link":"https:\/\/www.europesays.com\/pt\/231839\/","title":{"rendered":"S\u00e3o Jos\u00e9 troca corpo do cunhado de Manuel Lu\u00eds Goucha \u2013 Observador"},"content":{"rendered":"<p>O corpo de M\u00e1rio Oliveira Nunes, irm\u00e3o de Rui Oliveira, marido de Manuel Lu\u00eds Goucha, foi trocado por engano no Hospital de S\u00e3o Jos\u00e9, em Lisboa, onde morreu esta quarta-feira aos 69 anos v\u00edtima de cancro. O erro s\u00f3 foi descoberto esta quinta-feira quando, momentos antes do vel\u00f3rio, a fam\u00edlia abriu o caix\u00e3o e deparou-se com outro corpo.<\/p>\n<p>O caso foi avan\u00e7ado pelo <a href=\"https:\/\/www.cmjornal.pt\/vidas\/ultimas\/detalhe\/rui-oliveira-chocado-com-troca-do-corpo-do-irmao-que-morreu-ha-um-impacto-psicologico-enorme\" rel=\"nofollow noopener\" target=\"_blank\">Correio da Manh\u00e3<\/a> que d\u00e1 conta que o motivo da troca pode estar relacionado com <strong>o elevado n\u00famero de mortos pela gripe A, o que leva o Hospital de S\u00e3o Jos\u00e9 a colocar dois cad\u00e1veres em cada gaveta na morgue<\/strong>. Uma vez que o erro foi identificado, a ag\u00eancia funer\u00e1ria foi contactada e o hospital rapidamente se prontificou para resolver a situa\u00e7\u00e3o e entregar o corpo correto.<\/p>\n<p>\u201cVieram fazer a entrega do corpo, eu abri a urna para reconhecer o meu marido e qual n\u00e3o \u00e9 o meu espanto quando me deparo c<strong>om outra pessoa totalmente diferente mas com a roupa do meu marido, com as meias, com os sapatos do meu marido<\/strong>\u201c, recordou a mulher de M\u00e1rio Oliveira Nunes ao Correio da Manh\u00e3, acrescentando que o pr\u00f3prio Manuel Lu\u00eds Goucha descreveu a situa\u00e7\u00e3o como \u201cinacredit\u00e1vel\u201d.<\/p>\n<p>Tanto o Conselho de Administra\u00e7\u00e3o da Unidade Local de Sa\u00fade (ULS) S\u00e3o Jos\u00e9, de que o hospital faz parte, como a dire\u00e7\u00e3o do servi\u00e7o de Anatomia Patol\u00f3gica\/Casa Mortu\u00e1ria j\u00e1 vieram lamentar o erro, com a unidade hospitalar a determinar a abertura de um processo de inqu\u00e9rito para apurar as circunst\u00e2ncias do caso.<\/p>\n","protected":false},"excerpt":{"rendered":"O corpo de M\u00e1rio Oliveira Nunes, irm\u00e3o de Rui Oliveira, marido de Manuel Lu\u00eds Goucha, foi trocado por&hellip;\n","protected":false},"author":2,"featured_media":231840,"comment_status":"","ping_status":"","sticky":false,"template":"","format":"standard","meta":{"footnotes":""},"categories":[85],"tags":[211,114,115,2648,41027,186,32,33,2946],"class_list":{"0":"post-231839","1":"post","2":"type-post","3":"status-publish","4":"format-standard","5":"has-post-thumbnail","7":"category-entretenimento","8":"tag-celebridades","9":"tag-entertainment","10":"tag-entretenimento","11":"tag-hospitais","12":"tag-hospital-de-su00e3o-josu00e9","13":"tag-lifestyle","14":"tag-portugal","15":"tag-pt","16":"tag-sau00fade"},"share_on_mastodon":{"url":"https:\/\/pubeurope.com\/@pt\/115906353745825947","error":""},"_links":{"self":[{"href":"https:\/\/www.europesays.com\/pt\/wp-json\/wp\/v2\/posts\/231839","targetHints":{"allow":["GET"]}}],"collection":[{"href":"https:\/\/www.europesays.com\/pt\/wp-json\/wp\/v2\/posts"}],"about":[{"href":"https:\/\/www.europesays.com\/pt\/wp-json\/wp\/v2\/types\/post"}],"author":[{"embeddable":true,"href":"https:\/\/www.europesays.com\/pt\/wp-json\/wp\/v2\/users\/2"}],"replies":[{"embeddable":true,"href":"https:\/\/www.europesays.com\/pt\/wp-json\/wp\/v2\/comments?post=231839"}],"version-history":[{"count":0,"href":"https:\/\/www.europesays.com\/pt\/wp-json\/wp\/v2\/posts\/231839\/revisions"}],"wp:featuredmedia":[{"embeddable":true,"href":"https:\/\/www.europesays.com\/pt\/wp-json\/wp\/v2\/media\/231840"}],"wp:attachment":[{"href":"https:\/\/www.europesays.com\/pt\/wp-json\/wp\/v2\/media?parent=231839"}],"wp:term":[{"taxonomy":"category","embeddable":true,"href":"https:\/\/www.europesays.com\/pt\/wp-json\/wp\/v2\/categories?post=231839"},{"taxonomy":"post_tag","embeddable":true,"href":"https:\/\/www.europesays.com\/pt\/wp-json\/wp\/v2\/tags?post=231839"}],"curies":[{"name":"wp","href":"https:\/\/api.w.org\/{rel}","templated":true}]}}