{"id":231843,"date":"2026-01-16T19:11:11","date_gmt":"2026-01-16T19:11:11","guid":{"rendered":"https:\/\/www.europesays.com\/pt\/231843\/"},"modified":"2026-01-16T19:11:11","modified_gmt":"2026-01-16T19:11:11","slug":"como-os-eua-capturaram-maduro-tudo-sobre-o-ataque-que-envolveu-forcas-especiais-guerra-cibernetica-e-armas-topo-de-gama","status":"publish","type":"post","link":"https:\/\/www.europesays.com\/pt\/231843\/","title":{"rendered":"Como os EUA capturaram Maduro: tudo sobre o ataque que envolveu for\u00e7as especiais, guerra cibern\u00e9tica e armas topo de gama"},"content":{"rendered":"<p class=\"texto\">A dist\u00e2ncia que separa um homem da liberdade pode ser medida em alguns passos e outros tantos ferimentos leves. Parece pouco, mas \u00e9 imenso, e neste reduzido espa\u00e7o pode caber o futuro de um pa\u00eds. Nicol\u00e1s Maduro e Cilia Flores ainda tentaram fechar-se no bunker de a\u00e7o, no interior do Fuerte Tiuna, mas falharam o intento. Ela, a valente militante chavista, ter\u00e1 ficado com escoria\u00e7\u00f5es no rosto e costelas partidas. Ele, o herdeiro vivo da mitologia bolivariana, teve, sobretudo, de dobrar a espinha. Ao fim daquela noite de inferno, em que Caracas foi sobrevoada por 150 aeronaves, das quais mais de 20 helic\u00f3pteros, vindas de 20 locais do hemisf\u00e9rio ocidental, acabaram humilhados, de chinelos, olhos vendados, algemados, a caminho da tutela de Donald Trump.<\/p>\n<p><a href=\"https:\/\/expresso.pt\/subscrever?action=GEN&amp;channel=BAF&amp;type=CAP&amp;source=WEB&amp;returnUrl=https:\/\/expresso.pt\/semanario\/revista-e\/-e\/2026-01-15-como-os-eua-capturaram-maduro-tudo-sobre-o-ataque-que-envolveu-forcas-especiais-guerra-cibernetica-e-armas-topo-de-gama-e443e6e9&amp;utm_source=expresso&amp;utm_medium=locked_article&amp;locked=true&amp;article_id=4283fc9d-88b7-46ec-8984-881131be9228&amp;author_id=Christiana+Martins,Luciana+Leiderfarb,Maria+Jo\u00e3o+Bourbon,Jaime+Figueiredo&amp;category=+E\" target=\"_self\" class=\"\" rel=\"nofollow noopener\">Subscrever<\/a>J\u00e1 \u00e9 Subscritor?Fa\u00e7a login e continue a ler<a href=\"http:\/\/expresso.pt\/codigo?redirectUrl=https:\/\/expresso.pt\/semanario\/revista-e\/-e\/2026-01-15-como-os-eua-capturaram-maduro-tudo-sobre-o-ataque-que-envolveu-forcas-especiais-guerra-cibernetica-e-armas-topo-de-gama-e443e6e9\" target=\"_self\" class=\"\" rel=\"nofollow noopener\">Inserir C\u00f3digo<\/a>Comprou o Expresso?Insira o c\u00f3digo presente na Revista E para continuar a ler<\/p>\n","protected":false},"excerpt":{"rendered":"A dist\u00e2ncia que separa um homem da liberdade pode ser medida em alguns passos e outros tantos ferimentos&hellip;\n","protected":false},"author":2,"featured_media":231844,"comment_status":"","ping_status":"","sticky":false,"template":"","format":"standard","meta":{"footnotes":""},"categories":[50],"tags":[27,28,15,16,14,25,26,21,22,62,12,13,19,20,23,24,17,18,29,30,31,63,64,65],"class_list":{"0":"post-231843","1":"post","2":"type-post","3":"status-publish","4":"format-standard","5":"has-post-thumbnail","7":"category-mundo","8":"tag-breaking-news","9":"tag-breakingnews","10":"tag-featured-news","11":"tag-featurednews","12":"tag-headlines","13":"tag-latest-news","14":"tag-latestnews","15":"tag-main-news","16":"tag-mainnews","17":"tag-mundo","18":"tag-news","19":"tag-noticias","20":"tag-noticias-principais","21":"tag-noticiasprincipais","22":"tag-principais-noticias","23":"tag-principaisnoticias","24":"tag-top-stories","25":"tag-topstories","26":"tag-ultimas","27":"tag-ultimas-noticias","28":"tag-ultimasnoticias","29":"tag-world","30":"tag-world-news","31":"tag-worldnews"},"share_on_mastodon":{"url":"https:\/\/pubeurope.com\/@pt\/115906365716572945","error":""},"_links":{"self":[{"href":"https:\/\/www.europesays.com\/pt\/wp-json\/wp\/v2\/posts\/231843","targetHints":{"allow":["GET"]}}],"collection":[{"href":"https:\/\/www.europesays.com\/pt\/wp-json\/wp\/v2\/posts"}],"about":[{"href":"https:\/\/www.europesays.com\/pt\/wp-json\/wp\/v2\/types\/post"}],"author":[{"embeddable":true,"href":"https:\/\/www.europesays.com\/pt\/wp-json\/wp\/v2\/users\/2"}],"replies":[{"embeddable":true,"href":"https:\/\/www.europesays.com\/pt\/wp-json\/wp\/v2\/comments?post=231843"}],"version-history":[{"count":0,"href":"https:\/\/www.europesays.com\/pt\/wp-json\/wp\/v2\/posts\/231843\/revisions"}],"wp:featuredmedia":[{"embeddable":true,"href":"https:\/\/www.europesays.com\/pt\/wp-json\/wp\/v2\/media\/231844"}],"wp:attachment":[{"href":"https:\/\/www.europesays.com\/pt\/wp-json\/wp\/v2\/media?parent=231843"}],"wp:term":[{"taxonomy":"category","embeddable":true,"href":"https:\/\/www.europesays.com\/pt\/wp-json\/wp\/v2\/categories?post=231843"},{"taxonomy":"post_tag","embeddable":true,"href":"https:\/\/www.europesays.com\/pt\/wp-json\/wp\/v2\/tags?post=231843"}],"curies":[{"name":"wp","href":"https:\/\/api.w.org\/{rel}","templated":true}]}}