{"id":231873,"date":"2026-01-16T19:32:13","date_gmt":"2026-01-16T19:32:13","guid":{"rendered":"https:\/\/www.europesays.com\/pt\/231873\/"},"modified":"2026-01-16T19:32:13","modified_gmt":"2026-01-16T19:32:13","slug":"kreator-divulga-clipe-de-krushers-of-the-world-faixa-titulo-de-seu-novo-disco","status":"publish","type":"post","link":"https:\/\/www.europesays.com\/pt\/231873\/","title":{"rendered":"Kreator divulga clipe de &#8220;Krushers of the World&#8221;, faixa-t\u00edtulo de seu novo disco"},"content":{"rendered":"<p>A banda de thrash metal <a href=\"https:\/\/whiplash.net\/bandas\/k\/kreator.html\" class=\"hotwords\" rel=\"nofollow noopener\" target=\"_blank\">Kreator<\/a> lan\u00e7ou nesta sexta-feira (16 de janeiro) seu d\u00e9cimo sexto disco de est\u00fadio. Intitulado &#8220;Krushers of the World&#8221;, o \u00e1lbum tem 10 faixas e d\u00e1 continuidade a &#8220;Hate \u00dcber Alles&#8221; (2022).<\/p>\n<p>&#8220;Krushers of the World&#8221; mostra o <a href=\"https:\/\/whiplash.net\/bandas\/k\/kreator.html\" class=\"hotwords\" rel=\"nofollow noopener\" target=\"_blank\">Kreator<\/a> no auge de sua for\u00e7a criativa &#8211; furioso, preciso e mais relevante do que nunca. O \u00e1lbum une d\u00e9cadas de legado do thrash metal a uma pegada contempor\u00e2nea que impulsiona o g\u00eanero adiante.<\/p>\n<p>Para celebrar o lan\u00e7amento, a banda estreou o v\u00eddeo oficial da faixa-t\u00edtulo, que pode ser visto a seguir. Ambientado em uma Berlim p\u00f3s-apocal\u00edptica, o clipe apresenta uma vis\u00e3o sombria e impactante de um mundo \u00e0 beira do colapso, abordando temas que ressoam com urg\u00eancia nos dias de hoje. Com este trabalho, o <a href=\"https:\/\/whiplash.net\/bandas\/k\/kreator.html\" class=\"hotwords\" rel=\"nofollow noopener\" target=\"_blank\">Kreator<\/a> prova mais uma vez por que continua sendo uma das for\u00e7as mais influentes e vitais do metal mundial.<\/p>\n<p><a href=\"https:\/\/whiplash.net\/bandas\/k\/kreator.html\" class=\"linkBotao\" rel=\"nofollow noopener\" target=\"_blank\">Kreator &#8211; Mais Novidades<\/a><\/p>\n<p>CONTINUA DEPOIS DA PUBLICIDADE &#8211; CLI<\/p>\n<p>&#13;<br \/>\n&#13;<br \/>\n&#13;<br \/>\n&#13;<br \/>\n&#13;<br \/>\n&#13;<br \/>\n&#13;<br \/>\n&#13;<br \/>\n<a href=\"https:\/\/whiplash.net\/materias\/whiplash\/027002.html\" rel=\"nofollow noopener\" target=\"_blank\"><img decoding=\"async\" src=\"https:\/\/www.europesays.com\/pt\/wp-content\/uploads\/2026\/01\/1767746289_757_anunciar_diabo_336x280.gif\" loading=\"lazy\" width=\"336\" height=\"280\" class=\"widthConstrained\" style=\"background-color:#000000;display:block;\" alt=\"Anunciar bandas e shows de Rock e Heavy Metal\"\/><\/a>&#13;<\/p>\n<p>\u25ba&#8221; src=&#8221;https:\/\/www.youtube.com\/embed\/pkXVwVIS97w&#8221; width=&#8221;560&#8243; height=&#8221;315&#8243; allow=&#8221;accelerometer; autoplay; clipboard-write; encrypted-media; gyroscope; picture-in-picture&#8221; allowfullscreen loading=&#8221;lazy&#8221; style=&#8221;border:0;&#8221;&gt;<\/p>\n<p>&#8220;Krushers of the World&#8221; foi gravado por Mille Petrozza (guitarra\/vocal), Sami Yli-Sirni\u00f6 (<a href=\"https:\/\/whiplash.net\/temas\/i\/instrumentos.html\" class=\"hotwords\" rel=\"nofollow noopener\" target=\"_blank\">guitarra<\/a>), Fr\u00e9d\u00e9ric Leclercq (baixo) e J\u00fcrgen Reil &#8220;Ventor&#8221; (bateria). O \u00e1lbum j\u00e1 est\u00e1 dispon\u00edvel nas plataformas digitais.<\/p>\n<p>CONTINUA DEPOIS DA PUBLICIDADE &#8211; GOO<\/p>\n<p>&#13;<br \/>\n&#13;<br \/>\n&#13;<br \/>\n&#13;<br \/>\n<a href=\"https:\/\/whiplash.net\/materias\/whiplash\/027002.html\" rel=\"nofollow noopener\" target=\"_blank\"><img decoding=\"async\" src=\"https:\/\/www.europesays.com\/pt\/wp-content\/uploads\/2026\/01\/1767746289_757_anunciar_diabo_336x280.gif\" loading=\"lazy\" width=\"336\" height=\"280\" alt=\"Anunciar no Whiplash.Net\"\/><\/a>&#13;<br \/>\n&#13;<br \/>\n&#13;<br \/>\n&#13;<br \/>\n&#13;<br \/>\n&#13;<br \/>\n<a href=\"https:\/\/whiplash.net\/materias\/whiplash\/027002.html\" rel=\"nofollow noopener\" target=\"_blank\"><img decoding=\"async\" src=\"https:\/\/www.europesays.com\/pt\/wp-content\/uploads\/2026\/01\/1767746289_757_anunciar_diabo_336x280.gif\" loading=\"lazy\" width=\"336\" height=\"280\" class=\"widthConstrained\" style=\"background-color:#000000;display:block;\" alt=\"Anunciar bandas e shows de Rock e Heavy Metal\"\/><\/a>&#13;<\/p>\n","protected":false},"excerpt":{"rendered":"A banda de thrash metal Kreator lan\u00e7ou nesta sexta-feira (16 de janeiro) seu d\u00e9cimo sexto disco de est\u00fadio.&hellip;\n","protected":false},"author":2,"featured_media":231874,"comment_status":"","ping_status":"","sticky":false,"template":"","format":"standard","meta":{"footnotes":""},"categories":[141],"tags":[114,115,149,150,32,33],"class_list":{"0":"post-231873","1":"post","2":"type-post","3":"status-publish","4":"format-standard","5":"has-post-thumbnail","7":"category-musica","8":"tag-entertainment","9":"tag-entretenimento","10":"tag-music","11":"tag-musica","12":"tag-portugal","13":"tag-pt"},"share_on_mastodon":{"url":"https:\/\/pubeurope.com\/@pt\/115906448127028125","error":""},"_links":{"self":[{"href":"https:\/\/www.europesays.com\/pt\/wp-json\/wp\/v2\/posts\/231873","targetHints":{"allow":["GET"]}}],"collection":[{"href":"https:\/\/www.europesays.com\/pt\/wp-json\/wp\/v2\/posts"}],"about":[{"href":"https:\/\/www.europesays.com\/pt\/wp-json\/wp\/v2\/types\/post"}],"author":[{"embeddable":true,"href":"https:\/\/www.europesays.com\/pt\/wp-json\/wp\/v2\/users\/2"}],"replies":[{"embeddable":true,"href":"https:\/\/www.europesays.com\/pt\/wp-json\/wp\/v2\/comments?post=231873"}],"version-history":[{"count":0,"href":"https:\/\/www.europesays.com\/pt\/wp-json\/wp\/v2\/posts\/231873\/revisions"}],"wp:featuredmedia":[{"embeddable":true,"href":"https:\/\/www.europesays.com\/pt\/wp-json\/wp\/v2\/media\/231874"}],"wp:attachment":[{"href":"https:\/\/www.europesays.com\/pt\/wp-json\/wp\/v2\/media?parent=231873"}],"wp:term":[{"taxonomy":"category","embeddable":true,"href":"https:\/\/www.europesays.com\/pt\/wp-json\/wp\/v2\/categories?post=231873"},{"taxonomy":"post_tag","embeddable":true,"href":"https:\/\/www.europesays.com\/pt\/wp-json\/wp\/v2\/tags?post=231873"}],"curies":[{"name":"wp","href":"https:\/\/api.w.org\/{rel}","templated":true}]}}