{"id":231881,"date":"2026-01-16T19:39:18","date_gmt":"2026-01-16T19:39:18","guid":{"rendered":"https:\/\/www.europesays.com\/pt\/231881\/"},"modified":"2026-01-16T19:39:18","modified_gmt":"2026-01-16T19:39:18","slug":"cibercriminoso-russo-que-extorquiu-100-milhoes-detido-em-operacao-internacional","status":"publish","type":"post","link":"https:\/\/www.europesays.com\/pt\/231881\/","title":{"rendered":"Cibercriminoso russo que extorquiu 100 milh\u00f5es detido em opera\u00e7\u00e3o internacional"},"content":{"rendered":"<p data-remotead-prev-elm=\"true\" data-remotead-elm-id=\"inread\">Segundo um comunicado das autoridades alem\u00e3s &#8211; que conduziram as opera\u00e7\u00f5es em conjunto com a Holanda, Su\u00ed\u00e7a, Ucr\u00e2nia e Reino Unido &#8211; entre mar\u00e7o de 2022 e fevereiro de 2025 o grupo &#8220;Black Basta&#8221; utilizou programas inform\u00e1ticos maliciosos para comprometer redes de computadores, roubar dados sens\u00edveis e extorquir resgates. <\/p>\n<p>As atividades ilegais renderam ao grupo pelo menos 100 milh\u00f5es de euros, incluindo mais de 20 milh\u00f5es de euros s\u00f3 na Alemanha, de acordo com um comunicado conjunto da Unidade Central de Crimes Cibern\u00e9ticos (ZIT) e do Departamento Federal de Pol\u00edcia Criminal (BKA). <\/p>\n<p>Durante tr\u00eas anos, o grupo foi respons\u00e1vel por extorquir mais de 100 empresas e institui\u00e7\u00f5es (incluindo hospitais e ag\u00eancias governamentais) na Alemanha e aproximadamente 600 outras organiza\u00e7\u00f5es em todo o mundo. <\/p>\n<p data-remotead-prev-elm=\"true\" data-remotead-elm-id=\"centro1\">As v\u00edtimas est\u00e3o localizadas sobretudo em pa\u00edses ocidentais, incluindo os Estados Unidos, Reino Unido, Alemanha, Fran\u00e7a e Canad\u00e1, informou a pol\u00edcia criminal \u00e0 AFP. <\/p>\n<p>As autoridades judiciais alem\u00e3s emitiram um mandado de deten\u00e7\u00e3o contra o alegado l\u00edder do grupo, Oleg Evgenievich Nefedov, de 35 anos.  <\/p>\n<p>Na Ucr\u00e2nia, as casas de dois suspeitos foram revistadas e foram apreendidas provas, afirmaram as autoridades judiciais alem\u00e3s.  <\/p>\n<p data-remotead-prev-elm=\"true\" data-remotead-elm-id=\"centro2\">As buscas decorreram na segunda-feira, informou uma porta-voz da pol\u00edcia criminal alem\u00e3 \u00e0 AFP. <\/p>\n<p>&#8220;As medidas contra estes arguidos foram implementadas pela pol\u00edcia cibern\u00e9tica ucraniana, que faz parte da pol\u00edcia nacional ucraniana, e pelo gabinete do procurador-geral da Ucr\u00e2nia nas regi\u00f5es administrativas de Ivano-Frankivsk e Lviv, no oeste do pa\u00eds&#8221;, acrescentaram. <\/p>\n","protected":false},"excerpt":{"rendered":"Segundo um comunicado das autoridades alem\u00e3s &#8211; que conduziram as opera\u00e7\u00f5es em conjunto com a Holanda, Su\u00ed\u00e7a, Ucr\u00e2nia&hellip;\n","protected":false},"author":2,"featured_media":231882,"comment_status":"","ping_status":"","sticky":false,"template":"","format":"standard","meta":{"footnotes":""},"categories":[50],"tags":[27,28,2654,15,16,14,25,26,21,22,62,12,13,19,20,23,24,839,17,18,29,30,31,63,64,65],"class_list":{"0":"post-231881","1":"post","2":"type-post","3":"status-publish","4":"format-standard","5":"has-post-thumbnail","7":"category-mundo","8":"tag-breaking-news","9":"tag-breakingnews","10":"tag-cibercrime","11":"tag-featured-news","12":"tag-featurednews","13":"tag-headlines","14":"tag-latest-news","15":"tag-latestnews","16":"tag-main-news","17":"tag-mainnews","18":"tag-mundo","19":"tag-news","20":"tag-noticias","21":"tag-noticias-principais","22":"tag-noticiasprincipais","23":"tag-principais-noticias","24":"tag-principaisnoticias","25":"tag-russia","26":"tag-top-stories","27":"tag-topstories","28":"tag-ultimas","29":"tag-ultimas-noticias","30":"tag-ultimasnoticias","31":"tag-world","32":"tag-world-news","33":"tag-worldnews"},"share_on_mastodon":{"url":"https:\/\/pubeurope.com\/@pt\/115906475698648887","error":""},"_links":{"self":[{"href":"https:\/\/www.europesays.com\/pt\/wp-json\/wp\/v2\/posts\/231881","targetHints":{"allow":["GET"]}}],"collection":[{"href":"https:\/\/www.europesays.com\/pt\/wp-json\/wp\/v2\/posts"}],"about":[{"href":"https:\/\/www.europesays.com\/pt\/wp-json\/wp\/v2\/types\/post"}],"author":[{"embeddable":true,"href":"https:\/\/www.europesays.com\/pt\/wp-json\/wp\/v2\/users\/2"}],"replies":[{"embeddable":true,"href":"https:\/\/www.europesays.com\/pt\/wp-json\/wp\/v2\/comments?post=231881"}],"version-history":[{"count":0,"href":"https:\/\/www.europesays.com\/pt\/wp-json\/wp\/v2\/posts\/231881\/revisions"}],"wp:featuredmedia":[{"embeddable":true,"href":"https:\/\/www.europesays.com\/pt\/wp-json\/wp\/v2\/media\/231882"}],"wp:attachment":[{"href":"https:\/\/www.europesays.com\/pt\/wp-json\/wp\/v2\/media?parent=231881"}],"wp:term":[{"taxonomy":"category","embeddable":true,"href":"https:\/\/www.europesays.com\/pt\/wp-json\/wp\/v2\/categories?post=231881"},{"taxonomy":"post_tag","embeddable":true,"href":"https:\/\/www.europesays.com\/pt\/wp-json\/wp\/v2\/tags?post=231881"}],"curies":[{"name":"wp","href":"https:\/\/api.w.org\/{rel}","templated":true}]}}