{"id":231891,"date":"2026-01-16T19:46:18","date_gmt":"2026-01-16T19:46:18","guid":{"rendered":"https:\/\/www.europesays.com\/pt\/231891\/"},"modified":"2026-01-16T19:46:18","modified_gmt":"2026-01-16T19:46:18","slug":"a-musica-caotica-do-sepultura-que-foi-escrita-na-casa-de-jason-newsted","status":"publish","type":"post","link":"https:\/\/www.europesays.com\/pt\/231891\/","title":{"rendered":"A m\u00fasica ca\u00f3tica do Sepultura que foi escrita na casa de Jason Newsted"},"content":{"rendered":"<p>O m\u00fasico norte-americano Derrick Green \u00e9 mundialmente reconhecido por ser o vocalista do Sepultura. <a href=\"https:\/\/whiplash.net\/materias\/news_675\/375834-sepultura.html\" rel=\"nofollow noopener\" target=\"_blank\">Ele iniciou sua trajet\u00f3ria como frontman do grupo em 1998<\/a>, ao ser escolhido para ocupar a vaga deixada por Max Cavalera, que se desligou da banda ap\u00f3s desentendimentos com os demais integrantes &#8211; incluindo seu irm\u00e3o, o baterista Iggor.<\/p>\n<p><a href=\"https:\/\/whiplash.net\/bandas\/s\/sepultura.html\" class=\"linkBotao\" rel=\"nofollow noopener\" target=\"_blank\">Sepultura &#8211; Mais Novidades<\/a><br \/><a target=\"_blank\" href=\"https:\/\/www.europesays.com\/pt\/wp-content\/uploads\/2026\/01\/sepultura_derrick_por_marcos_hermes.jpg\"><img loading=\"lazy\" decoding=\"async\" src=\"https:\/\/www.europesays.com\/pt\/wp-content\/uploads\/2026\/01\/sepultura_derrick_por_marcos_hermes.jpg\" class=\"widthConstrained\" width=\"700\" height=\"366\" alt=\"Foto: Marcos Hermes\"\/><\/a>Foto: Marcos Hermes<\/p>\n<p>CONTINUA DEPOIS DA PUBLICIDADE &#8211; CLI<\/p>\n<p>&#13;<br \/>\n&#13;<br \/>\n&#13;<br \/>\n&#13;<br \/>\n&#13;<br \/>\n&#13;<br \/>\n&#13;<br \/>\n&#13;<br \/>\n<a href=\"https:\/\/whiplash.net\/materias\/whiplash\/027002.html\" rel=\"nofollow noopener\" target=\"_blank\"><img decoding=\"async\" src=\"https:\/\/www.europesays.com\/pt\/wp-content\/uploads\/2026\/01\/1767746289_757_anunciar_diabo_336x280.gif\" loading=\"lazy\" width=\"336\" height=\"280\" class=\"widthConstrained\" style=\"background-color:#000000;display:block;\" alt=\"Anunciar bandas e shows de Rock e Heavy Metal\"\/><\/a>&#13;<\/p>\n<p>A adapta\u00e7\u00e3o de Green esteve longe de ser simples &#8211; algo compreens\u00edvel, considerando o status que o Sepultura ostentava naquele per\u00edodo. Durante entrevista concedida \u00e0 <a href=\"https:\/\/www.loudersound.com\/features\/sepultura-the-story-of-the-song-choke\" rel=\"nofollow noopener\" target=\"_blank\">Metal Hammer<\/a>, o cantor relembrou parte da rea\u00e7\u00e3o negativa enfrentada pela banda ap\u00f3s a mudan\u00e7a no posto de vocalista.<\/p>\n<p>&#8220;Foi uma \u00e9poca estranha. N\u00e3o t\u00ednhamos um empres\u00e1rio e a base da banda havia se desintegrado com a separa\u00e7\u00e3o. Acabamos contratando Todd Singerman, que era empres\u00e1rio do Mot\u00f6rhead. Ele nos ajudou muito, porque muitas pessoas nos deram as costas e decidiram que est\u00e1vamos acabados.<\/p>\n<p>Algumas pessoas queriam algu\u00e9m que se parecesse com o antigo vocalista, que tivesse a mesma voz \u2013 como se fosse muito trabalhoso tentar promover algo diferente do que a banda tinha sido.&#8221;<\/p>\n<p>CONTINUA DEPOIS DA PUBLICIDADE &#8211; GOO<\/p>\n<p>&#13;<br \/>\n&#13;<br \/>\n&#13;<br \/>\n&#13;<br \/>\n<a href=\"https:\/\/whiplash.net\/materias\/whiplash\/027002.html\" rel=\"nofollow noopener\" target=\"_blank\"><img decoding=\"async\" src=\"https:\/\/www.europesays.com\/pt\/wp-content\/uploads\/2026\/01\/1767746289_757_anunciar_diabo_336x280.gif\" loading=\"lazy\" width=\"336\" height=\"280\" alt=\"Anunciar no Whiplash.Net\"\/><\/a>&#13;<br \/>\n&#13;<br \/>\n&#13;<br \/>\n&#13;<br \/>\n&#13;<br \/>\n&#13;<br \/>\n<a href=\"https:\/\/whiplash.net\/materias\/whiplash\/027002.html\" rel=\"nofollow noopener\" target=\"_blank\"><img decoding=\"async\" src=\"https:\/\/www.europesays.com\/pt\/wp-content\/uploads\/2026\/01\/1767746289_757_anunciar_diabo_336x280.gif\" loading=\"lazy\" width=\"336\" height=\"280\" class=\"widthConstrained\" style=\"background-color:#000000;display:block;\" alt=\"Anunciar bandas e shows de Rock e Heavy Metal\"\/><\/a>&#13;<\/p>\n<p>Al\u00e9m de Todd Singerman, uma figura bastante conhecida do heavy metal teve papel importante nesse processo de adapta\u00e7\u00e3o: <a href=\"https:\/\/whiplash.net\/materias\/news_732\/330685-metallica.html\" rel=\"nofollow noopener\" target=\"_blank\">Jason Newsted, baixista do Metallica entre 1986 e 2001<\/a>. Green relembrou como o m\u00fasico participou diretamente de um momento decisivo de sua jornada no Sepultura.<\/p>\n<p>&#8220;Jason Newsted era um grande f\u00e3 da banda, ent\u00e3o ele sugeriu que eu fosse \u00e0 casa dele para compor uma m\u00fasica. Ele achou que isso nos daria a chance de liberar toda a negatividade, e essa m\u00fasica se tornou &#8216;Hatred Aside&#8217;. Foi \u00f3timo encontrar essa positividade em meio \u00e0 raiva, e ele foi especialmente compreensivo comigo \u2013 ele realmente entendia o que significava ser o novato na banda.&#8221;<\/p>\n<p>CONTINUA DEPOIS DA PUBLICIDADE &#8211; CLI<\/p>\n<p>&#13;<br \/>\n&#13;<br \/>\n&#13;<br \/>\n&#13;<br \/>\n&#13;<br \/>\n&#13;<br \/>\n&#13;<br \/>\n&#13;<br \/>\n<a href=\"https:\/\/whiplash.net\/materias\/whiplash\/027002.html\" rel=\"nofollow noopener\" target=\"_blank\"><img decoding=\"async\" src=\"https:\/\/www.europesays.com\/pt\/wp-content\/uploads\/2026\/01\/1767746289_757_anunciar_diabo_336x280.gif\" loading=\"lazy\" width=\"336\" height=\"280\" class=\"widthConstrained\" style=\"background-color:#000000;display:block;\" alt=\"Anunciar bandas e shows de Rock e Heavy Metal\"\/><\/a>&#13;<\/p>\n<p>Ca\u00f3tica do in\u00edcio ao fim, &#8220;Hatred Aside&#8221; \u00e9 uma das faixas de &#8220;Against&#8221; (1998), s\u00e9timo disco de est\u00fadio do <a href=\"https:\/\/whiplash.net\/bandas\/s\/sepultura.html\" class=\"hotwords\" rel=\"nofollow noopener\" target=\"_blank\">Sepultura<\/a> e o primeiro gravado com <a href=\"https:\/\/whiplash.net\/bandas\/d\/derrickgreen.html\" class=\"hotwords\" rel=\"nofollow noopener\" target=\"_blank\">Derrick Green<\/a> na forma\u00e7\u00e3o. A m\u00fasica, que traz a participa\u00e7\u00e3o de Jason, pode ser conferida no player a seguir.<\/p>\n<p>\u25ba&#8221; src=&#8221;https:\/\/www.youtube.com\/embed\/sVqds7fYLpU&#8221; width=&#8221;560&#8243; height=&#8221;315&#8243; allow=&#8221;accelerometer; autoplay; clipboard-write; encrypted-media; gyroscope; picture-in-picture&#8221; allowfullscreen loading=&#8221;lazy&#8221; style=&#8221;border:0;&#8221;&gt;<\/p>\n<p>CONTINUA DEPOIS DA PUBLICIDADE &#8211; GOO<\/p>\n<p>&#13;<br \/>\n&#13;<br \/>\n&#13;<br \/>\n&#13;<br \/>\n<a href=\"https:\/\/whiplash.net\/materias\/whiplash\/027002.html\" rel=\"nofollow noopener\" target=\"_blank\"><img decoding=\"async\" src=\"https:\/\/www.europesays.com\/pt\/wp-content\/uploads\/2026\/01\/1767746289_757_anunciar_diabo_336x280.gif\" loading=\"lazy\" width=\"336\" height=\"280\" alt=\"Anunciar no Whiplash.Net\"\/><\/a>&#13;<br \/>\n&#13;<br \/>\n&#13;<br \/>\n&#13;<br \/>\n&#13;<br \/>\n&#13;<br \/>\n<a href=\"https:\/\/whiplash.net\/materias\/whiplash\/027002.html\" rel=\"nofollow noopener\" target=\"_blank\"><img decoding=\"async\" src=\"https:\/\/www.europesays.com\/pt\/wp-content\/uploads\/2026\/01\/1767746289_757_anunciar_diabo_336x280.gif\" loading=\"lazy\" width=\"336\" height=\"280\" class=\"widthConstrained\" style=\"background-color:#000000;display:block;\" alt=\"Anunciar bandas e shows de Rock e Heavy Metal\"\/><\/a>&#13;<\/p>\n","protected":false},"excerpt":{"rendered":"O m\u00fasico norte-americano Derrick Green \u00e9 mundialmente reconhecido por ser o vocalista do Sepultura. Ele iniciou sua trajet\u00f3ria&hellip;\n","protected":false},"author":2,"featured_media":231892,"comment_status":"","ping_status":"","sticky":false,"template":"","format":"standard","meta":{"footnotes":""},"categories":[141],"tags":[114,115,149,150,32,33],"class_list":{"0":"post-231891","1":"post","2":"type-post","3":"status-publish","4":"format-standard","5":"has-post-thumbnail","7":"category-musica","8":"tag-entertainment","9":"tag-entretenimento","10":"tag-music","11":"tag-musica","12":"tag-portugal","13":"tag-pt"},"share_on_mastodon":{"url":"https:\/\/pubeurope.com\/@pt\/115906503428135722","error":""},"_links":{"self":[{"href":"https:\/\/www.europesays.com\/pt\/wp-json\/wp\/v2\/posts\/231891","targetHints":{"allow":["GET"]}}],"collection":[{"href":"https:\/\/www.europesays.com\/pt\/wp-json\/wp\/v2\/posts"}],"about":[{"href":"https:\/\/www.europesays.com\/pt\/wp-json\/wp\/v2\/types\/post"}],"author":[{"embeddable":true,"href":"https:\/\/www.europesays.com\/pt\/wp-json\/wp\/v2\/users\/2"}],"replies":[{"embeddable":true,"href":"https:\/\/www.europesays.com\/pt\/wp-json\/wp\/v2\/comments?post=231891"}],"version-history":[{"count":0,"href":"https:\/\/www.europesays.com\/pt\/wp-json\/wp\/v2\/posts\/231891\/revisions"}],"wp:featuredmedia":[{"embeddable":true,"href":"https:\/\/www.europesays.com\/pt\/wp-json\/wp\/v2\/media\/231892"}],"wp:attachment":[{"href":"https:\/\/www.europesays.com\/pt\/wp-json\/wp\/v2\/media?parent=231891"}],"wp:term":[{"taxonomy":"category","embeddable":true,"href":"https:\/\/www.europesays.com\/pt\/wp-json\/wp\/v2\/categories?post=231891"},{"taxonomy":"post_tag","embeddable":true,"href":"https:\/\/www.europesays.com\/pt\/wp-json\/wp\/v2\/tags?post=231891"}],"curies":[{"name":"wp","href":"https:\/\/api.w.org\/{rel}","templated":true}]}}