{"id":231893,"date":"2026-01-16T19:47:09","date_gmt":"2026-01-16T19:47:09","guid":{"rendered":"https:\/\/www.europesays.com\/pt\/231893\/"},"modified":"2026-01-16T19:47:09","modified_gmt":"2026-01-16T19:47:09","slug":"novo-invocacao-do-mal-ganha-titulo-e-data-de-lancamento-nos-cinemas","status":"publish","type":"post","link":"https:\/\/www.europesays.com\/pt\/231893\/","title":{"rendered":"Novo Invoca\u00e7\u00e3o do Mal ganha t\u00edtulo e data de lan\u00e7amento nos cinemas"},"content":{"rendered":"<p>  <img decoding=\"async\" src=\"https:\/\/cdn.ome.lt\/static\/omelete\/img\/loading.svg\" alt=\"\"\/><\/p>\n<p>  <img decoding=\"async\" class=\"article__cover__image\" data-lazy-src-mob=\"\/\/cdn.ome.lt\/WhnyOB6Ut5M_9qpcm14sTrVf8L0=\/570x0\/smart\/filters:format(webp)\/uploads\/conteudo\/fotos\/invocacao_do_mal_4_w9d10Ar.png\" data-lazy-src=\"https:\/\/cdn.ome.lt\/ihKJWAMClt7cFWQyvGTm9BkQBTc=\/987x0\/smart\/filters:format(webp)\/uploads\/conteudo\/fotos\/invocacao_do_mal_4_w9d10Ar.png\" src=\"data:image\/png;base64,iVBORw0KGgoAAAANSUhEUgAAAAEAAAABCAQAAAC1HAwCAAAAC0lEQVR42mNkYAAAAAYAAjCB0C8AAAAASUVORK5CYII=\" alt=\"Invoca\u00e7\u00e3o do Mal | Novo filme ganha t\u00edtulo e data de lan\u00e7amento nos cinemas\" title=\"Reprodu\u00e7\u00e3o\" width=\"987\" height=\"555\" fetchpriority=\"high\"\/><\/p>\n<p class=\"article__cover__credits\">\n  Cr\u00e9ditos da imagem:<br \/>\n  Reprodu\u00e7\u00e3o\n<\/p>\n<p>A saga de\u00a0<strong>Invoca\u00e7\u00e3o do Mal <\/strong>j\u00e1 tem data para continuar nos cinemas, desta vez com um o que tudo indica ser um prequel da hist\u00f3ria estrelada por Vera Farmiga e Patrick Wilson. Segundo o THR, <strong>The Conjuring: First Communion<\/strong>, ou em tradu\u00e7\u00e3o livre, Invoca\u00e7\u00f5 do Mal: Primeira Comunh\u00e3o, ser\u00e1 dirigido por\u00a0<strong>Rodrigue Huart<\/strong> e escrito pelos veteranos da franquia <strong>Richard Naing<\/strong> e <strong>Ian Goldberg<\/strong>.<\/p>\n<p>Segundo o site, o novo filme estreia em 10 de setembro de 2027 nos EUA. Ainda n\u00e3o h\u00e1 confirma\u00e7\u00e3o da estreia no Brasil, mas como de costume, o lan\u00e7amento deve acompanhar o do mercado norte-americano.<\/p>\n<p>            Continua depois da Publicidade<\/p>\n<p>Recentemente, foi confirmado uma s\u00e9rie da\u00a0<strong>HBO Max\u00a0<\/strong>da franquia, sinalizando que \u00e9 bem prov\u00e1vel que a Warner deve investir bastante na franquia.\u00a0<\/p>\n<p>    <strong>Tudo sobre\u00a0Invoca\u00e7\u00e3o do Mal 4<\/strong><\/p>\n<p data-gtm-vis-first-on-screen67967661_30=\"14452\" data-gtm-vis-has-fired67967661_30=\"1\" data-gtm-vis-total-visible-time67967661_30=\"100\" dir=\"ltr\">O projeto marcou a despedida dos protagonistas <strong>Patrick Wilson<\/strong> e <strong>Vera Farmiga<\/strong>, que protagonizaram os tr\u00eas filmes anteriores da franquia na pele do casal Ed e Lorraine Warren.<\/p>\n<p>Al\u00e9m da dupla,\u00a0Ben Hardy\u00a0e\u00a0Mia Tomlinson\u00a0tamb\u00e9m est\u00e3o confirmados no elenco.\u00a0Ed e Lorraine Warren, vale notar, s\u00e3o figuras reais que ficaram conhecidos por suas investiga\u00e7\u00f5es de fen\u00f4menos paranormais nos anos 60 e 70.<\/p>\n<p>            Continua depois da Publicidade<\/p>\n<p>Marcada como uma das sagas de terror mais bem sucedidas da \u00faltima d\u00e9cada,\u00a0Invoca\u00e7\u00e3o do Mal\u00a0fortaleceu muito o nome de\u00a0James Wan\u00a0na ind\u00fastria, que dirigiu os dois primeiros longas e produziu o terceiro.\u00a0Wan, que j\u00e1 havia dirigido\u00a0Jogos Mortais, veio a dirigir tamb\u00e9m\u00a0Velozes &amp; Furiosos 7,\u00a0Aquaman,\u00a0Maligno\u00a0e\u00a0Aquaman 2: O Reino Perdido.<\/p>\n<p>Para o terceiro filme,\u00a0Invoca\u00e7\u00e3o do Mal 3: A Ordem do Dem\u00f4nio,\u00a0Michael Chaves, que dirigiu os derivados\u00a0A Maldi\u00e7\u00e3o da Chorona\u00a0e\u00a0A Freira 2, assumiu a cadeira de diretor. Chaves tamb\u00e9m dirigir\u00e1\u00a0Invoca\u00e7\u00e3o do Mal 4: O \u00daltimo Ritual.<\/p>\n<p>Com or\u00e7amentos at\u00e9 curtos para os padr\u00f5es da ind\u00fastria (os dois primeiros longas custaram, respectivamente, US$ 20 e US$ 40 milh\u00f5es), os filmes arrecadaram, juntos, quase um bilh\u00e3o nas bilheterias.\u00a0<\/p>\n<p>O longa de 2013 fez US$ 319 milh\u00f5es nas bilheterias, enquanto a sequ\u00eancia chegou a US$ 321 milh\u00f5es. O terceiro filme acabou prejudicado pelo momento, em que as salas de cinema ainda se recuperavam da pandemia, mas conseguiu US$ 206 milh\u00f5es.<\/p>\n<p>O sucesso fez com que a franquia ganhasse diversos derivados, incluindo uma trilogia de filmes de\u00a0Annabelle,\u00a0dois\u00a0A Freira\u00a0e\u00a0A Maldi\u00e7\u00e3o da Chorona.<\/p>\n<p data-gtm-vis-first-on-screen67967661_30=\"31713\" data-gtm-vis-has-fired67967661_30=\"1\" data-gtm-vis-total-visible-time67967661_30=\"100\"><strong>Invoca\u00e7\u00e3o do Mal 4<\/strong> ainda est\u00e1 dispon\u00edvel para streaming na <strong>HBO Max<\/strong>.<\/p>\n","protected":false},"excerpt":{"rendered":"Cr\u00e9ditos da imagem: Reprodu\u00e7\u00e3o A saga de\u00a0Invoca\u00e7\u00e3o do Mal j\u00e1 tem data para continuar nos cinemas, desta vez&hellip;\n","protected":false},"author":2,"featured_media":231894,"comment_status":"","ping_status":"","sticky":false,"template":"","format":"standard","meta":{"footnotes":""},"categories":[140],"tags":[114,115,147,148,146,32,33],"class_list":{"0":"post-231893","1":"post","2":"type-post","3":"status-publish","4":"format-standard","5":"has-post-thumbnail","7":"category-filmes","8":"tag-entertainment","9":"tag-entretenimento","10":"tag-film","11":"tag-filmes","12":"tag-movies","13":"tag-portugal","14":"tag-pt"},"share_on_mastodon":{"url":"https:\/\/pubeurope.com\/@pt\/115906507199667131","error":""},"_links":{"self":[{"href":"https:\/\/www.europesays.com\/pt\/wp-json\/wp\/v2\/posts\/231893","targetHints":{"allow":["GET"]}}],"collection":[{"href":"https:\/\/www.europesays.com\/pt\/wp-json\/wp\/v2\/posts"}],"about":[{"href":"https:\/\/www.europesays.com\/pt\/wp-json\/wp\/v2\/types\/post"}],"author":[{"embeddable":true,"href":"https:\/\/www.europesays.com\/pt\/wp-json\/wp\/v2\/users\/2"}],"replies":[{"embeddable":true,"href":"https:\/\/www.europesays.com\/pt\/wp-json\/wp\/v2\/comments?post=231893"}],"version-history":[{"count":0,"href":"https:\/\/www.europesays.com\/pt\/wp-json\/wp\/v2\/posts\/231893\/revisions"}],"wp:featuredmedia":[{"embeddable":true,"href":"https:\/\/www.europesays.com\/pt\/wp-json\/wp\/v2\/media\/231894"}],"wp:attachment":[{"href":"https:\/\/www.europesays.com\/pt\/wp-json\/wp\/v2\/media?parent=231893"}],"wp:term":[{"taxonomy":"category","embeddable":true,"href":"https:\/\/www.europesays.com\/pt\/wp-json\/wp\/v2\/categories?post=231893"},{"taxonomy":"post_tag","embeddable":true,"href":"https:\/\/www.europesays.com\/pt\/wp-json\/wp\/v2\/tags?post=231893"}],"curies":[{"name":"wp","href":"https:\/\/api.w.org\/{rel}","templated":true}]}}