{"id":231903,"date":"2026-01-16T19:55:17","date_gmt":"2026-01-16T19:55:17","guid":{"rendered":"https:\/\/www.europesays.com\/pt\/231903\/"},"modified":"2026-01-16T19:55:17","modified_gmt":"2026-01-16T19:55:17","slug":"mariana-leitao-garante-que-nunca-houve-queixa-ou-denuncia-de-assedio-sobre-cotrim-figueiredo","status":"publish","type":"post","link":"https:\/\/www.europesays.com\/pt\/231903\/","title":{"rendered":"Mariana Leit\u00e3o garante que nunca houve queixa ou den\u00fancia de ass\u00e9dio sobre Cotrim Figueiredo"},"content":{"rendered":"<p>                <b> &#8220;Quero deixar aqui bem claro para todo o pa\u00eds ouvir. N\u00e3o h\u00e1, nem nunca houve, qualquer queixa, relato ou den\u00fancia sobre o Jo\u00e3o Cotrim Figueiredo&#8221;<\/b>, vincou a l\u00edder liberal num jantar com\u00edcio em Matosinhos, no distrito do Porto.<\/p>\n<p>Mariana Leit\u00e3o, que entrou pela segunda vez na campanha oficial de Cotrim Figueiredo, considerou que \u00e9 importante n\u00e3o ceder a manobras.<\/p>\n<p>Na segunda-feira, Cotrim Figueiredo foi confrontado com uma den\u00fancia de ass\u00e9dio sexual por parte de uma ex-assessora parlamentar da IL, o que negou, revelando que iria avan\u00e7ar com uma queixa-crime por difama\u00e7\u00e3o.<\/p>\n<p>Entretanto, j\u00e1 hoje, a ex-assessora In\u00eas Bich\u00e3o, em comunicado enviado \u00e0 ag\u00eancia Lusa, adiantou que a publica\u00e7\u00e3o sobre um alegado ass\u00e9dio sexual visando Cotrim Figueiredo foi difundida sem o seu consentimento, acrescentando que &#8220;a veracidade dos factos&#8221; envolvendo o candidato presidencial ser\u00e1 apurada nos tribunais.<\/p>\n<p>Al\u00e9m disso, In\u00eas Bich\u00e3o revelou que os factos em causa foram reportados em sede interna no decurso de 2023, mas Cotrim Figueiredo garantiu n\u00e3o ter tido qualquer conhecimento disso, assim como Mariana Leit\u00e3o.<\/p>\n<p>Nessa sequ\u00eancia, e questionado sobre o tema, o antigo l\u00edder da IL acusou a comunica\u00e7\u00e3o social de ser &#8220;culpada e c\u00famplice&#8221; pelo destaque dado ao tema.<\/p>\n<p>Tamb\u00e9m Mariana Leit\u00e3o n\u00e3o poupou cr\u00edticas aos jornalistas, lamentando que &#8220;a comunica\u00e7\u00e3o social em busca de pol\u00e9micas gratuitas se tenha demitido de fazer o seu trabalho mais b\u00e1sico&#8221;.<\/p>\n<p>Nesse momento, os cerca de 500 apoiantes presentes na sala aplaudiram e gritaram &#8220;Cotrim, Cotrim, Cotrim&#8221; enquanto agitavam bandeiras de Portugal.<\/p>\n<p>&#8220;\u00c9 lament\u00e1vel que a pol\u00edtica tenha chegado a este ponto, ao ponto em que a cal\u00fania f\u00e1cil, mesmo sobre mat\u00e9rias graves, sem qualquer tipo de evid\u00eancias ou provas passa a ser tomada como facto consumado&#8221;, assinalou.<\/p>\n<p>Afirmando que est\u00e1 a seu lado, a liberal assegurou que n\u00e3o v\u00e3o conseguir travar Cotrim Figueiredo com &#8220;manobras baixas e movimenta\u00e7\u00f5es nas sombras que procuram manter Portugal ref\u00e9m dos interesses instalados, nomeadamente dos instalados de sempre&#8221;.<\/p>\n<p>Segundo Mariana Leit\u00e3o, as elei\u00e7\u00f5es de domingo s\u00e3o demasiado importantes para se alimentarem de falsidades.<\/p>\n<p>&#8220;E todos n\u00f3s temos responsabilidade, o pol\u00edtico que \u00e9 escrutinado tem a responsabilidade de dizer a verdade, mas quem leva as informa\u00e7\u00f5es \u00e0s pessoas tamb\u00e9m tem a responsabilidade de verificar factos e n\u00e3o disseminar mentiras&#8221;, insistiu. &#13;\n            <\/p>\n","protected":false},"excerpt":{"rendered":"&#8220;Quero deixar aqui bem claro para todo o pa\u00eds ouvir. N\u00e3o h\u00e1, nem nunca houve, qualquer queixa, relato&hellip;\n","protected":false},"author":2,"featured_media":231904,"comment_status":"","ping_status":"","sticky":false,"template":"","format":"standard","meta":{"footnotes":""},"categories":[8],"tags":[27,28,39852,15,16,14,25,26,39879,21,22,12,13,19,20,32,5215,23,24,33,17,18,29,30,31],"class_list":{"0":"post-231903","1":"post","2":"type-post","3":"status-publish","4":"format-standard","5":"has-post-thumbnail","7":"category-principais-noticias","8":"tag-breaking-news","9":"tag-breakingnews","10":"tag-cotrim-figueiredo","11":"tag-featured-news","12":"tag-featurednews","13":"tag-headlines","14":"tag-latest-news","15":"tag-latestnews","16":"tag-liberal","17":"tag-main-news","18":"tag-mainnews","19":"tag-news","20":"tag-noticias","21":"tag-noticias-principais","22":"tag-noticiasprincipais","23":"tag-portugal","24":"tag-presidenciais","25":"tag-principais-noticias","26":"tag-principaisnoticias","27":"tag-pt","28":"tag-top-stories","29":"tag-topstories","30":"tag-ultimas","31":"tag-ultimas-noticias","32":"tag-ultimasnoticias"},"share_on_mastodon":{"url":"https:\/\/pubeurope.com\/@pt\/115906538747860739","error":""},"_links":{"self":[{"href":"https:\/\/www.europesays.com\/pt\/wp-json\/wp\/v2\/posts\/231903","targetHints":{"allow":["GET"]}}],"collection":[{"href":"https:\/\/www.europesays.com\/pt\/wp-json\/wp\/v2\/posts"}],"about":[{"href":"https:\/\/www.europesays.com\/pt\/wp-json\/wp\/v2\/types\/post"}],"author":[{"embeddable":true,"href":"https:\/\/www.europesays.com\/pt\/wp-json\/wp\/v2\/users\/2"}],"replies":[{"embeddable":true,"href":"https:\/\/www.europesays.com\/pt\/wp-json\/wp\/v2\/comments?post=231903"}],"version-history":[{"count":0,"href":"https:\/\/www.europesays.com\/pt\/wp-json\/wp\/v2\/posts\/231903\/revisions"}],"wp:featuredmedia":[{"embeddable":true,"href":"https:\/\/www.europesays.com\/pt\/wp-json\/wp\/v2\/media\/231904"}],"wp:attachment":[{"href":"https:\/\/www.europesays.com\/pt\/wp-json\/wp\/v2\/media?parent=231903"}],"wp:term":[{"taxonomy":"category","embeddable":true,"href":"https:\/\/www.europesays.com\/pt\/wp-json\/wp\/v2\/categories?post=231903"},{"taxonomy":"post_tag","embeddable":true,"href":"https:\/\/www.europesays.com\/pt\/wp-json\/wp\/v2\/tags?post=231903"}],"curies":[{"name":"wp","href":"https:\/\/api.w.org\/{rel}","templated":true}]}}