{"id":231905,"date":"2026-01-16T19:56:09","date_gmt":"2026-01-16T19:56:09","guid":{"rendered":"https:\/\/www.europesays.com\/pt\/231905\/"},"modified":"2026-01-16T19:56:09","modified_gmt":"2026-01-16T19:56:09","slug":"quanto-pedro-do-bbb-26-ganhava-antes-de-entrar-na-casa","status":"publish","type":"post","link":"https:\/\/www.europesays.com\/pt\/231905\/","title":{"rendered":"Quanto Pedro do BBB 26 ganhava antes de entrar na casa"},"content":{"rendered":"<p>                        <img width=\"944\" height=\"531\" src=\"https:\/\/www.europesays.com\/pt\/wp-content\/uploads\/2026\/01\/Quanto-Pedro-do-BBB-26-ganhava-antes-de-entrar-na-casa-944x531.jpg\" class=\"attachment-custom-large size-custom-large article-featured-image\" alt=\"Pedro BBB 26\" fetchpriority=\"high\" decoding=\"async\"  \/><\/p>\n<p>Curitibano revelou o saldo do banco no Tiktok em mar\u00e7o de 2025 (Foto: Redes sociais, Reprodu\u00e7\u00e3o)<\/p>\n<p>Internautas resgataram um v\u00eddeo do participante Pedro Henrique Esp\u00edndola, do BBB 26, no qual ele revela quanto fatura por m\u00eas como vendedor ambulante de rosas. A grava\u00e7\u00e3o, que voltou a circular com for\u00e7a nas redes sociais nesta quinta-feira (15), foi publicada originalmente no TikTok em mar\u00e7o de 2025. <\/p>\n<p>No v\u00eddeo, o brother detalha sua rotina de trabalho e como o com\u00e9rcio de flores se tornou um neg\u00f3cio lucrativo em sua vida.<\/p>\n<p>Continua depois da publicidade<\/p>\n<p>No v\u00eddeo, o curitibano exibe a tela do aplicativo de seu banco com um saldo exato de R$ 20.542,88. Na ocasi\u00e3o da entrevista, o brother detalhou o patrim\u00f4nio que conseguiu acumular exclusivamente com a atividade, surpreendendo os seguidores com a rentabilidade do neg\u00f3cio ambulante.<\/p>\n<p>\u201cEstou com uma casa aqui em Curitiba. Estou com dois carros, um Ford K\u00e1 e um Polo, e estou com um terreninho na praia, tamb\u00e9m\u201d, conta o participante na grava\u00e7\u00e3o. Antes de se dedicar \u00e0 venda de flores, ele trabalhou como desossador em frigor\u00edfico, coletor de lixo e gar\u00e7om.<\/p>\n<p>O ressurgimento do v\u00eddeo ocorre em meio \u00e0 maior pol\u00eamica de Pedro Henrique no programa. O brother chocou os telespectadores ao revelar para diversos colegas de confinamento que traiu sua esposa, que est\u00e1 no s\u00e9timo m\u00eas de gesta\u00e7\u00e3o. As confiss\u00f5es em s\u00e9rie come\u00e7aram na manh\u00e3 de quinta-feira (15), durante um desabafo com Br\u00edgido.<\/p>\n<p>Continua depois da publicidade<\/p>\n<p>Ao longo do dia, Pedro repetiu a hist\u00f3ria para Breno, Paulo, Samira, Juliano, Ed\u00edlson e Aline em ocasi\u00f5es diferentes. A obsess\u00e3o pelo assunto atingiu o \u00e1pice na madrugada, quando ele reuniu outros participantes para relatar o caso pela oitava vez em menos de 24 horas, consolidando sua pol\u00eamica na casa.<\/p>\n<p>Pedro entrou no BBB 26 pela Casa de Vidro do Sul1<\/p>\n<p>VoltarAvan\u00e7ar<\/p>\n<p><img loading=\"lazy\" decoding=\"async\" width=\"1200\" height=\"675\" data-id=\"7779099\" src=\"https:\/\/www.europesays.com\/pt\/wp-content\/uploads\/2026\/01\/Pedro-Casa-de-Vidro-BBB-Sul.jpg\" alt=\"\" class=\"wp-image-7779099\"  \/><\/p>\n<p>Pedro Espindola da Casa de Vidro do Sul do BBB 26 (Foto: Globo, Divulga\u00e7\u00e3o)<\/p>\n<p><img loading=\"lazy\" decoding=\"async\" width=\"1200\" height=\"675\" data-id=\"7779098\" src=\"https:\/\/www.europesays.com\/pt\/wp-content\/uploads\/2026\/01\/1768593369_471_Pedro-Casa-de-Vidro-BBB-Sul-4.jpg\" alt=\"\" class=\"wp-image-7779098\"  \/><\/p>\n<p>Pedro Espindola da Casa de Vidro do Sul do BBB 26 (Foto: Globo, Divulga\u00e7\u00e3o)<\/p>\n<p><img loading=\"lazy\" decoding=\"async\" width=\"1200\" height=\"675\" data-id=\"7779096\" src=\"https:\/\/www.europesays.com\/pt\/wp-content\/uploads\/2026\/01\/1768593369_689_Pedro-Casa-de-Vidro-BBB-Sul-3.jpg\" alt=\"\" class=\"wp-image-7779096\"  \/><\/p>\n<p>Pedro Espindola da Casa de Vidro do Sul do BBB 26 (Foto: Globo, Divulga\u00e7\u00e3o)<\/p>\n<p><img loading=\"lazy\" decoding=\"async\" width=\"1200\" height=\"675\" data-id=\"7779097\" src=\"https:\/\/www.europesays.com\/pt\/wp-content\/uploads\/2026\/01\/1768593369_416_Pedro-Casa-de-Vidro-BBB-Sul-2.jpg\" alt=\"\" class=\"wp-image-7779097\"  \/><\/p>\n<p>Pedro Espindola da Casa de Vidro do Sul do BBB 26 (Foto: Redes sociais, Reprodu\u00e7\u00e3o)<\/p>\n<p><img loading=\"lazy\" decoding=\"async\" width=\"1200\" height=\"675\" data-id=\"7779100\" src=\"https:\/\/www.europesays.com\/pt\/wp-content\/uploads\/2026\/01\/1768593369_741_Pedro-Casa-de-Vidro-BBB-Sul-1.jpg\" alt=\"\" class=\"wp-image-7779100\"  \/><\/p>\n<p>Pedro Espindola da Casa de Vidro do Sul do BBB 26 (Foto: Redes sociais, Reprodu\u00e7\u00e3o)<\/p>\n<p>*Sob supervis\u00e3o de Pablo Brito<\/p>\n","protected":false},"excerpt":{"rendered":"Curitibano revelou o saldo do banco no Tiktok em mar\u00e7o de 2025 (Foto: Redes sociais, Reprodu\u00e7\u00e3o) Internautas resgataram&hellip;\n","protected":false},"author":2,"featured_media":231906,"comment_status":"","ping_status":"","sticky":false,"template":"","format":"standard","meta":{"footnotes":""},"categories":[145],"tags":[2565,15986,2509,211,210,114,115,32,33,794],"class_list":{"0":"post-231905","1":"post","2":"type-post","3":"status-publish","4":"format-standard","5":"has-post-thumbnail","7":"category-celebridades","8":"tag-bbb","9":"tag-bbb-26","10":"tag-big-brother-brasil","11":"tag-celebridades","12":"tag-celebrities","13":"tag-entertainment","14":"tag-entretenimento","15":"tag-portugal","16":"tag-pt","17":"tag-voce-viu"},"share_on_mastodon":{"url":"https:\/\/pubeurope.com\/@pt\/115906542595346116","error":""},"_links":{"self":[{"href":"https:\/\/www.europesays.com\/pt\/wp-json\/wp\/v2\/posts\/231905","targetHints":{"allow":["GET"]}}],"collection":[{"href":"https:\/\/www.europesays.com\/pt\/wp-json\/wp\/v2\/posts"}],"about":[{"href":"https:\/\/www.europesays.com\/pt\/wp-json\/wp\/v2\/types\/post"}],"author":[{"embeddable":true,"href":"https:\/\/www.europesays.com\/pt\/wp-json\/wp\/v2\/users\/2"}],"replies":[{"embeddable":true,"href":"https:\/\/www.europesays.com\/pt\/wp-json\/wp\/v2\/comments?post=231905"}],"version-history":[{"count":0,"href":"https:\/\/www.europesays.com\/pt\/wp-json\/wp\/v2\/posts\/231905\/revisions"}],"wp:featuredmedia":[{"embeddable":true,"href":"https:\/\/www.europesays.com\/pt\/wp-json\/wp\/v2\/media\/231906"}],"wp:attachment":[{"href":"https:\/\/www.europesays.com\/pt\/wp-json\/wp\/v2\/media?parent=231905"}],"wp:term":[{"taxonomy":"category","embeddable":true,"href":"https:\/\/www.europesays.com\/pt\/wp-json\/wp\/v2\/categories?post=231905"},{"taxonomy":"post_tag","embeddable":true,"href":"https:\/\/www.europesays.com\/pt\/wp-json\/wp\/v2\/tags?post=231905"}],"curies":[{"name":"wp","href":"https:\/\/api.w.org\/{rel}","templated":true}]}}