{"id":231911,"date":"2026-01-16T20:01:13","date_gmt":"2026-01-16T20:01:13","guid":{"rendered":"https:\/\/www.europesays.com\/pt\/231911\/"},"modified":"2026-01-16T20:01:13","modified_gmt":"2026-01-16T20:01:13","slug":"ralph-fiennes-alucinado-brilha-no-capitulo-mais-fascinante-da-saga","status":"publish","type":"post","link":"https:\/\/www.europesays.com\/pt\/231911\/","title":{"rendered":"Ralph Fiennes alucinado brilha no cap\u00edtulo mais fascinante da saga"},"content":{"rendered":"<p><strong>A HIST\u00d3RIA: <\/strong>O Dr. Kelson v\u00ea-se numa nova e chocante rela\u00e7\u00e3o, com consequ\u00eancias que podem mudar o mundo tal como o conhecem, e o encontro de Spike com Jimmy Crystal torna-se num pesadelo do qual n\u00e3o consegue escapar. Neste mundo, os infetados j\u00e1 n\u00e3o s\u00e3o a maior amea\u00e7a \u00e0 sobreviv\u00eancia, a desumanidade dos sobreviventes pode ser mais estranha e mais aterradora.<\/p>\n<p>&#8220;28 Anos Depois: O Templo dos Ossos&#8221;: nos cinemas desde 15 de janeiro de 2026.<\/p>\n<p>Por Manuel S\u00e3o Bento (aprovado no <a href=\"https:\/\/www.rottentomatoes.com\/critics\/manuel-sao-bento\/movies\" target=\"_blank\" rel=\"noopener noreferrer nofollow\">Rotten Tomatoes<\/a>. Membro de associa\u00e7\u00f5es como OFCS, IFSC, OFTA. <a href=\"https:\/\/linktr.ee\/manuelsbento\" target=\"_blank\" rel=\"noopener noreferrer nofollow\">Veja mais no portfolio<\/a>).<br \/>\nClassifica\u00e7\u00e3o (0 a 5):\u00a0 * * * *<\/p>\n<p>&#8220;28 Anos Depois: O Templo dos Ossos&#8221; afirma-se como um triunfo audacioso que revitaliza a saga com uma ferocidade inesperada, equilibrando o horror gr\u00e1fico mais repugnante da saga com uma intelig\u00eancia narrativa mordaz. Elevado por performances magn\u00e9ticas \u2014 especialmente de Ralph Fiennes \u2014 e uma fotografia deslumbrante que transforma o grotesco em arte, o filme \u00e9 tanto um espet\u00e1culo de sangue como um estudo tem\u00e1tico profundo sobre a mem\u00f3ria e a sobreviv\u00eancia que nos deixa com a certeza inquietante de que, neste novo mundo, a evolu\u00e7\u00e3o \u00e9 a \u00fanica alternativa \u00e0 extin\u00e7\u00e3o.<\/p>\n<p>\t\t<img decoding=\"async\" src=\"https:\/\/www.europesays.com\/pt\/wp-content\/uploads\/2026\/01\/1768593669_392_thumbs.web.sapo.io.webp\"  alt=\"28 Anos Depois: O Templo dos Ossos\" loading=\"true\"\/><\/p>\n<p>      28 Anos Depois: O Templo dos Ossos<br \/>\n      Cr\u00e9ditos: Big Picture<\/p>\n<p>A cr\u00edtica<\/p>\n<p>Ainda sinto o eco desconcertante do final do filme anterior. Confesso que a minha aproxima\u00e7\u00e3o a este novo cap\u00edtulo era cautelosamente nervosa, fruto daquela conclus\u00e3o altamente dissonante de &#8220;28 Anos Depois&#8221; que me deixou, na altura, sem saber bem o que sentir. N\u00e3o sendo o f\u00e3 n\u00famero um da saga, admiro a forma como redefiniu o g\u00e9nero e injetou uma ferocidade crua nos pesadelos coletivos do mundo, apesar de n\u00e3o poder afirmar que tenha um cap\u00edtulo que adore muito mais que os outros.<\/p>\n<p>Contudo, ao entrar na sala escura para testemunhar &#8220;28 Anos Depois: O Templo dos Ossos&#8221;, levava comigo a esperan\u00e7a de que a vis\u00e3o singular de Nia DaCosta (&#8220;Candyman&#8221;) e a escrita incisiva de Alex Garland (&#8220;Ex Machina&#8221;) pudessem endireitar o barco, equilibrando o horror visceral com a subst\u00e2ncia humana que sempre foi o cora\u00e7\u00e3o palpitante destes filmes.<\/p>\n<p>A narrativa transporta-nos para uma Gr\u00e3-Bretanha irreconhec\u00edvel, onde as regras da civiliza\u00e7\u00e3o j\u00e1 n\u00e3o s\u00e3o sequer uma mem\u00f3ria distante. &#8220;28 Anos Depois: O Templo dos Ossos&#8221; centra-se em Dr. Ian Kelson (Ralph Fiennes), um homem que construiu um santu\u00e1rio macabro dedicado \u00e0 morte, e na colis\u00e3o inevit\u00e1vel do seu mundo com o culto liderado por Sir Lord Jimmy Crystal (Jack O&#8217;Connell).<\/p>\n<p>\t\t<img decoding=\"async\" src=\"https:\/\/www.europesays.com\/pt\/wp-content\/uploads\/2026\/01\/1768593670_80_thumbs.web.sapo.io.webp\"  alt=\"28 Anos Depois: O Templo dos Ossos\" loading=\"true\"\/><\/p>\n<p>      28 Anos Depois: O Templo dos Ossos<br \/>\n      Cr\u00e9ditos: Big Picture<\/p>\n<p>\u00c9 imperativo come\u00e7ar pelo elefante na sala, ou melhor, pelo triunfo art\u00edstico que \u00e9 o tom desta obra. Onde o antecessor trope\u00e7ou, &#8220;28 Anos Depois: O Templo dos Ossos&#8221; corre com uma confian\u00e7a audaciosa. \u00c9 um filme incrivelmente arrojado, exibindo um equil\u00edbrio tonal requintado, misturando o caos absoluto com momentos de humor negro inesperado e uma riqueza narrativa surpreendente. DaCosta demonstra uma coragem imensa ao subverter muitas das f\u00f3rmulas e clich\u00e9s desgastados do g\u00e9nero &#8220;zombie&#8221;, entregando que tem tanto de refrescante como de cativante. A cineasta n\u00e3o tem medo de falhar, abra\u00e7ando a loucura deste novo mundo sem nunca perder o fio condutor emocional, transformando o que poderia ser uma desordem numa sinfonia de viol\u00eancia com significado.<\/p>\n<p>No centro desta tempestade encontramos uma interpreta\u00e7\u00e3o de Fiennes que s\u00f3 pode ser descrita como fascinante. O ator despe-se de qualquer vaidade para encarnar Kelson, uma figura que oscila entre o tr\u00e1gico e o c\u00f3mico num mundo que despreza a etiqueta. O seu arco \u00e9 de uma eros\u00e3o espiritual palp\u00e1vel, come\u00e7ando como um homem que se agarra \u00e0 ci\u00eancia e \u00e0 arte como escudos contra a barbaridade, cobrindo a pele com iodo numa tentativa desesperada de se isolar. A forma como Fiennes navega a transforma\u00e7\u00e3o de Kelson, de um observador estoico para um participante ativo na loucura, culminando numa performance &#8220;diab\u00f3lica&#8221; no terceiro ato, \u00e9 uma verdadeira &#8220;tour de force&#8221;, permitam-me a hip\u00e9rbole. Sozinho, consegue transmitir a dor de um homem que construiu um templo dedicado \u00e0 morte n\u00e3o por loucura, mas por rever\u00eancia.<\/p>\n<p>\t\t<img decoding=\"async\" src=\"https:\/\/www.europesays.com\/pt\/wp-content\/uploads\/2026\/01\/1768593672_359_thumbs.web.sapo.io.webp\"  alt=\"28 Anos Depois: O Templo dos Ossos\" loading=\"true\"\/><\/p>\n<p>      28 Anos Depois: O Templo dos Ossos<br \/>\n      Cr\u00e9ditos: Big Picture<\/p>\n<p>Do outro lado do espectro moral, existem a energia ca\u00f3tica de O&#8217;Connell e a presen\u00e7a fundamentada de Erin Kellyman. O primeiro \u00e9 absolutamente aterrorizante como Jimmy Crystal, canalizando uma energia man\u00edaca, odiosa e, no entanto, magneticamente repulsiva. O seu antagonista n\u00e3o \u00e9 apenas mau; \u00e9 um artista da viol\u00eancia, um homem que trata o apocalipse como o seu parque de divers\u00f5es pessoal, servindo de contraponto perfeito ao estoicismo de Fiennes. Em contraste, Kellyman, no papel de um dos &#8220;Jimmys&#8221;, funciona como a ponte necess\u00e1ria entre estes dois extremos. A sua performance \u00e9 subtil mas poderosa, carregando o peso da consci\u00eancia num grupo desprovido dela. A personagem representa a gera\u00e7\u00e3o que n\u00e3o conheceu o mundo antigo, mas que recusa a crueldade do novo, com a atriz a navegar esse conflito interno com uma maturidade impressionante, servindo como o compasso moral numa terra sem norte.<\/p>\n<p>Destaque ainda para Chi Lewis-Parry como o alfa infetado Samson, uma revela\u00e7\u00e3o que desafia todas as regras estabelecidas pela saga at\u00e9 agora. Dedicar um par\u00e1grafo a Lewis-Parry \u00e9 pouco para o impacto que a sua personagem tem na estrutura tem\u00e1tica de &#8220;28 Anos Depois: O Templo dos Ossos&#8221;. O seu arco partilhado com Kelson representa a evolu\u00e7\u00e3o e o ator traz uma fisicalidade imponente que \u00e9 por uma vulnerabilidade dolorosa, especialmente nas intera\u00e7\u00f5es com Fiennes. \u00c9 o &#8220;selvagem nobre&#8221;, a prova viva de que a biologia pode ser superada pelo esp\u00edrito. Lewis-Parry consegue transmitir, sem palavras, a luta interna entre a raiva biol\u00f3gica e a alma humana que reside por baixo, tornando-se o vetor emocional mais forte da obra e desafiando a nossa pr\u00f3pria perce\u00e7\u00e3o de quem s\u00e3o os verdadeiros monstros.<\/p>\n<p>\t\t<img decoding=\"async\" src=\"https:\/\/www.europesays.com\/pt\/wp-content\/uploads\/2026\/01\/1768593672_242_thumbs.web.sapo.io.webp\"  alt=\"28 Anos Depois: O Templo dos Ossos\" loading=\"true\"\/><\/p>\n<p>      28 Anos Depois: O Templo dos Ossos<br \/>\n      Cr\u00e9ditos: Big Picture<\/p>\n<p>Tematicamente, &#8220;28 Anos Depois: O Templo dos Ossos&#8221; \u00e9 de uma riqueza extrema. A narrativa afasta-se da habitual luta do Homem contra a Natureza para se focar no conflito entre a resili\u00eancia e o niilismo. Enquanto os filmes anteriores se concentravam na sobreviv\u00eancia \u2014 encontrar a cura, um ref\u00fagio \u2014 este quarto cap\u00edtulo debru\u00e7a-se sobre a morte. O templo hom\u00f3nimo \u00e9 um monumento ao fim, erguido por quem parou de temer os infetados e passou a adorar o conceito de extin\u00e7\u00e3o. Existe uma explora\u00e7\u00e3o fascinante da express\u00e3o latina &#8220;memento mori&#8221;, contrastando o extremismo religioso com a esperan\u00e7a cient\u00edfica. O argumento de Garland sugere que, ap\u00f3s 28 anos, a esperan\u00e7a \u00e9 um recurso finito e, quando se esgota, \u00e9 substitu\u00edda por um impulso de morte. Esta densidade filos\u00f3fica eleva o filme muito acima de um simples festival de sustos baratos.<\/p>\n<p>Esta profundidade estende-se \u00e0 cr\u00edtica mordaz sobre a corrup\u00e7\u00e3o da nostalgia, personificada pelo grupo dos &#8220;Jimmys&#8221;. Estes agarram-se \u00e0 est\u00e9tica do passado \u2014 os fatos de treino, as frases feitas, as perucas \u2014 sem compreenderem o contexto, ou pior, abra\u00e7ando a natureza predat\u00f3ria subjacente a essas figuras. \u00c9 um aviso claro de que olhar para tr\u00e1s \u00e9 perigoso; a nostalgia sem mem\u00f3ria \u00e9 uma arma.<\/p>\n<p>&#8220;28 Anos Depois: O Templo dos Ossos&#8221; sugere que, na aus\u00eancia de lei, a humanidade n\u00e3o reverteu para o estado animal; evoluiu para artistas performativos da viol\u00eancia. Os infetados matam porque devem, \u00e9 uma necessidade biol\u00f3gica; os humanos, liderados por Crystal, torturam porque escolhem faz\u00ea-lo. \u00c9 nesta dicotomia que Samson brilha, desafiando a defini\u00e7\u00e3o de &#8220;humano&#8221;: se um monstro escolhe salvar uma vida enquanto um homem escolhe destru\u00ed-la, os r\u00f3tulos perdem o significado.<\/p>\n<p>\t\t<img decoding=\"async\" src=\"https:\/\/www.europesays.com\/pt\/wp-content\/uploads\/2026\/01\/1768593673_790_thumbs.web.sapo.io.webp\"  alt=\"28 Anos Depois: O Templo dos Ossos\" loading=\"true\"\/><\/p>\n<p>      28 Anos Depois: O Templo dos Ossos<br \/>\n      Cr\u00e9ditos: Big Picture<\/p>\n<p>Para os amantes do g\u00e9nero, trago boas not\u00edcias: este \u00e9, de longe, o cap\u00edtulo mais repugnante, sangrento e violento da saga. DaCosta n\u00e3o poupa nos detalhes, entregando toneladas de efeitos pr\u00e1ticos, maquilhagem e pr\u00f3teses que resultam num horror visceral aut\u00eantico. Seja pele arrancada ou outros tipos de tortura que testam o est\u00f4mago, nada parece gratuito; existe sempre o objetivo de sublinhar a brutalidade deste novo mundo. \u00c9 um regresso \u00e0 forma na vertente do horror, lembrando-nos que o v\u00edrus e a crueldade humana resultam em consequ\u00eancias f\u00edsicas devastadoras.<\/p>\n<p>Toda esta carnificina \u00e9 elevada pela fotografia absolutamente divinal de Sean Bobbitt (&#8220;12 Anos Escravo&#8221;). &#8220;28 Anos Depois: O Templo dos Ossos&#8221; \u00e9 visualmente deslumbrante, criando um contraste bel\u00edssimo entre o verde luxuriante das paisagens brit\u00e2nicas e as imagens sombria e esquel\u00e9tica do templo. Bobbitt cria a experi\u00eancia mais imersiva e cinem\u00e1tica de toda a s\u00e9rie, com um jogo de luzes fenomenal, especialmente no uso de fogo, velas e sequ\u00eancias noturnas durante o terceiro ato.<\/p>\n<p>E o que dizer deste terceiro ato? \u00c9, sem d\u00favida, uma das conclus\u00f5es mais satisfat\u00f3rias que vi recentemente, elevando o filme a um novo patamar. Tudo converge para uma sequ\u00eancia de dan\u00e7a diab\u00f3lica ao som de Iron Maiden, onde a produ\u00e7\u00e3o art\u00edstica, a m\u00fasica e a presta\u00e7\u00e3o alucinada de Fiennes fundem-se num espet\u00e1culo grotesco e magn\u00edfico. Cada linha de enredo e desenvolvimento de personagem encontra aqui uma resolu\u00e7\u00e3o coerente e impactante. N\u00e3o \u00e9 apenas barulho e f\u00faria; \u00e9 o culminar emocional de toda a jornada, executado com uma mestria t\u00e9cnica e narrativa de deixar o espectador colado \u00e0 cadeira.<\/p>\n","protected":false},"excerpt":{"rendered":"A HIST\u00d3RIA: O Dr. Kelson v\u00ea-se numa nova e chocante rela\u00e7\u00e3o, com consequ\u00eancias que podem mudar o mundo&hellip;\n","protected":false},"author":2,"featured_media":231912,"comment_status":"","ping_status":"","sticky":false,"template":"","format":"standard","meta":{"footnotes":""},"categories":[140],"tags":[114,115,147,148,146,32,33],"class_list":{"0":"post-231911","1":"post","2":"type-post","3":"status-publish","4":"format-standard","5":"has-post-thumbnail","7":"category-filmes","8":"tag-entertainment","9":"tag-entretenimento","10":"tag-film","11":"tag-filmes","12":"tag-movies","13":"tag-portugal","14":"tag-pt"},"share_on_mastodon":{"url":"https:\/\/pubeurope.com\/@pt\/115906562240239074","error":""},"_links":{"self":[{"href":"https:\/\/www.europesays.com\/pt\/wp-json\/wp\/v2\/posts\/231911","targetHints":{"allow":["GET"]}}],"collection":[{"href":"https:\/\/www.europesays.com\/pt\/wp-json\/wp\/v2\/posts"}],"about":[{"href":"https:\/\/www.europesays.com\/pt\/wp-json\/wp\/v2\/types\/post"}],"author":[{"embeddable":true,"href":"https:\/\/www.europesays.com\/pt\/wp-json\/wp\/v2\/users\/2"}],"replies":[{"embeddable":true,"href":"https:\/\/www.europesays.com\/pt\/wp-json\/wp\/v2\/comments?post=231911"}],"version-history":[{"count":0,"href":"https:\/\/www.europesays.com\/pt\/wp-json\/wp\/v2\/posts\/231911\/revisions"}],"wp:featuredmedia":[{"embeddable":true,"href":"https:\/\/www.europesays.com\/pt\/wp-json\/wp\/v2\/media\/231912"}],"wp:attachment":[{"href":"https:\/\/www.europesays.com\/pt\/wp-json\/wp\/v2\/media?parent=231911"}],"wp:term":[{"taxonomy":"category","embeddable":true,"href":"https:\/\/www.europesays.com\/pt\/wp-json\/wp\/v2\/categories?post=231911"},{"taxonomy":"post_tag","embeddable":true,"href":"https:\/\/www.europesays.com\/pt\/wp-json\/wp\/v2\/tags?post=231911"}],"curies":[{"name":"wp","href":"https:\/\/api.w.org\/{rel}","templated":true}]}}