{"id":231913,"date":"2026-01-16T20:02:11","date_gmt":"2026-01-16T20:02:11","guid":{"rendered":"https:\/\/www.europesays.com\/pt\/231913\/"},"modified":"2026-01-16T20:02:11","modified_gmt":"2026-01-16T20:02:11","slug":"europeu-andebol-portugal-estreia-se-com-triunfo-frente-a-romenia-2","status":"publish","type":"post","link":"https:\/\/www.europesays.com\/pt\/231913\/","title":{"rendered":"Europeu Andebol. Portugal estreia-se com triunfo frente \u00e0 Rom\u00e9nia"},"content":{"rendered":"<p>                Na sua nona participa\u00e7\u00e3o em campeonatos da Europa, a quarta seguida, a forma\u00e7\u00e3o lusa, que ao intervalo vencia j\u00e1 por oito golos de diferen\u00e7a (23-15), tinha de ganhar este primeiro encontro, no qual era favorita, para poder aspirar em lutar por um lugar entre os dois primeiros e rumar assim para a Ronda Principal.<\/p>\n<p>Ap\u00f3s esta estreia vitoriosa, Portugal defronta na segunda jornada a Maced\u00f3nia do Norte, no domingo, encerrando esta primeira fase na pr\u00f3xima ter\u00e7a-feira, frente \u00e0 Dinamarca, tetracampe\u00e3 mundial e campe\u00e3 europeia em 2008 e 2012.<\/p>\n","protected":false},"excerpt":{"rendered":"Na sua nona participa\u00e7\u00e3o em campeonatos da Europa, a quarta seguida, a forma\u00e7\u00e3o lusa, que ao intervalo vencia&hellip;\n","protected":false},"author":2,"featured_media":231836,"comment_status":"","ping_status":"","sticky":false,"template":"","format":"standard","meta":{"footnotes":""},"categories":[87],"tags":[135,13,32,33,420,421,134],"class_list":{"0":"post-231913","1":"post","2":"type-post","3":"status-publish","4":"format-standard","5":"has-post-thumbnail","7":"category-desporto","8":"tag-desporto","9":"tag-noticias","10":"tag-portugal","11":"tag-pt","12":"tag-rtp","13":"tag-rtp-noticias","14":"tag-sports"},"share_on_mastodon":{"url":"https:\/\/pubeurope.com\/@pt\/115906566302594313","error":""},"_links":{"self":[{"href":"https:\/\/www.europesays.com\/pt\/wp-json\/wp\/v2\/posts\/231913","targetHints":{"allow":["GET"]}}],"collection":[{"href":"https:\/\/www.europesays.com\/pt\/wp-json\/wp\/v2\/posts"}],"about":[{"href":"https:\/\/www.europesays.com\/pt\/wp-json\/wp\/v2\/types\/post"}],"author":[{"embeddable":true,"href":"https:\/\/www.europesays.com\/pt\/wp-json\/wp\/v2\/users\/2"}],"replies":[{"embeddable":true,"href":"https:\/\/www.europesays.com\/pt\/wp-json\/wp\/v2\/comments?post=231913"}],"version-history":[{"count":0,"href":"https:\/\/www.europesays.com\/pt\/wp-json\/wp\/v2\/posts\/231913\/revisions"}],"wp:featuredmedia":[{"embeddable":true,"href":"https:\/\/www.europesays.com\/pt\/wp-json\/wp\/v2\/media\/231836"}],"wp:attachment":[{"href":"https:\/\/www.europesays.com\/pt\/wp-json\/wp\/v2\/media?parent=231913"}],"wp:term":[{"taxonomy":"category","embeddable":true,"href":"https:\/\/www.europesays.com\/pt\/wp-json\/wp\/v2\/categories?post=231913"},{"taxonomy":"post_tag","embeddable":true,"href":"https:\/\/www.europesays.com\/pt\/wp-json\/wp\/v2\/tags?post=231913"}],"curies":[{"name":"wp","href":"https:\/\/api.w.org\/{rel}","templated":true}]}}