{"id":231926,"date":"2026-01-16T20:10:08","date_gmt":"2026-01-16T20:10:08","guid":{"rendered":"https:\/\/www.europesays.com\/pt\/231926\/"},"modified":"2026-01-16T20:10:08","modified_gmt":"2026-01-16T20:10:08","slug":"yasmin-santos-e-maria-venture-sao-vistas-juntas-em-viagem","status":"publish","type":"post","link":"https:\/\/www.europesays.com\/pt\/231926\/","title":{"rendered":"Yasmin Santos e Maria Venture s\u00e3o vistas juntas em viagem"},"content":{"rendered":"<p data-end=\"586\" data-start=\"289\" class=\"bullet mt-0\" data-v-232111b4=\"\">Yasmin Santos, 27, e Maria Venture, 25, acenderam rumores de volta do relacionamento ao serem vistas juntas na tarde de hoje.<\/p>\n<p>O que aconteceu<\/p>\n<p data-end=\"586\" data-start=\"289\" class=\"bullet\" data-v-232111b4=\"\"><strong>As duas anunciaram o fim do noivado em outubro do ano passado, com Yasmin relatando, \u00e0 \u00e9poca, que enfrentaram v\u00e1rias crises antes da separa\u00e7\u00e3o definitiva.<\/strong> O encontro aconteceu em parques da Disney, em Orlando, nos EUA, onde a influenciadora compartilhou uma foto do perfil de um amigo e se declarou: &#8220;Fam\u00edlia&#8221;.<\/p>\n<p data-end=\"586\" data-start=\"289\" class=\"bullet\" data-v-232111b4=\"\"><strong>O casal iniciou o romance em fevereiro de 2024 e noivou um ano depois. <\/strong>Quando as duas anunciaram o t\u00e9rmino, Yasmin n\u00e3o descartou a possibilidade de reatar: &#8220;Quem sabe, um dia, a vida nos reencontre mais maduras, mais prontas, mais leves. Por ora, seguimos em paz, com gratid\u00e3o pelo que foi e esperan\u00e7a pelo que ainda vem ou n\u00e3o. O futuro a Deus pertence&#8221;, disse a youtuber.<\/p>\n","protected":false},"excerpt":{"rendered":"Yasmin Santos, 27, e Maria Venture, 25, acenderam rumores de volta do relacionamento ao serem vistas juntas na&hellip;\n","protected":false},"author":2,"featured_media":109883,"comment_status":"","ping_status":"","sticky":false,"template":"","format":"standard","meta":{"footnotes":""},"categories":[145],"tags":[211,210,114,115,32,33],"class_list":{"0":"post-231926","1":"post","2":"type-post","3":"status-publish","4":"format-standard","5":"has-post-thumbnail","7":"category-celebridades","8":"tag-celebridades","9":"tag-celebrities","10":"tag-entertainment","11":"tag-entretenimento","12":"tag-portugal","13":"tag-pt"},"share_on_mastodon":{"url":"https:\/\/pubeurope.com\/@pt\/115906597487163652","error":""},"_links":{"self":[{"href":"https:\/\/www.europesays.com\/pt\/wp-json\/wp\/v2\/posts\/231926","targetHints":{"allow":["GET"]}}],"collection":[{"href":"https:\/\/www.europesays.com\/pt\/wp-json\/wp\/v2\/posts"}],"about":[{"href":"https:\/\/www.europesays.com\/pt\/wp-json\/wp\/v2\/types\/post"}],"author":[{"embeddable":true,"href":"https:\/\/www.europesays.com\/pt\/wp-json\/wp\/v2\/users\/2"}],"replies":[{"embeddable":true,"href":"https:\/\/www.europesays.com\/pt\/wp-json\/wp\/v2\/comments?post=231926"}],"version-history":[{"count":0,"href":"https:\/\/www.europesays.com\/pt\/wp-json\/wp\/v2\/posts\/231926\/revisions"}],"wp:featuredmedia":[{"embeddable":true,"href":"https:\/\/www.europesays.com\/pt\/wp-json\/wp\/v2\/media\/109883"}],"wp:attachment":[{"href":"https:\/\/www.europesays.com\/pt\/wp-json\/wp\/v2\/media?parent=231926"}],"wp:term":[{"taxonomy":"category","embeddable":true,"href":"https:\/\/www.europesays.com\/pt\/wp-json\/wp\/v2\/categories?post=231926"},{"taxonomy":"post_tag","embeddable":true,"href":"https:\/\/www.europesays.com\/pt\/wp-json\/wp\/v2\/tags?post=231926"}],"curies":[{"name":"wp","href":"https:\/\/api.w.org\/{rel}","templated":true}]}}