{"id":231927,"date":"2026-01-16T20:14:08","date_gmt":"2026-01-16T20:14:08","guid":{"rendered":"https:\/\/www.europesays.com\/pt\/231927\/"},"modified":"2026-01-16T20:14:08","modified_gmt":"2026-01-16T20:14:08","slug":"robbie-williams-surpreende-fas-e-lanca-novo-album-ouca-aqui-britpop","status":"publish","type":"post","link":"https:\/\/www.europesays.com\/pt\/231927\/","title":{"rendered":"Robbie Williams surpreende f\u00e3s e lan\u00e7a novo \u00e1lbum: ou\u00e7a aqui &#8220;BRITPOP&#8221;"},"content":{"rendered":"<p dir=\"ltr\">Robbie Williams come\u00e7ou o ano a surpreender os f\u00e3s. Esta sexta-feira, 16 de janeiro, o cantor editou o disco \u201cBRITPOP\u201d.<\/p>\n<p dir=\"ltr\">O \u00e1lbum \u2014 o primeiro em quase uma d\u00e9cada \u2014 estava inicialmente previsto para ser lan\u00e7ado a 10 de outubro, mas em setembro foi adiado para 6 de fevereiro, para n\u00e3o coincidir com a chegada de \u201cThe Life Of A Showgirl\u201d, de Taylor Swift.<\/p>\n<p dir=\"ltr\">Mas, ao contr\u00e1rio do previsto, o brit\u00e2nico decidiu antecipar o lan\u00e7amento em tr\u00eas semanas. \u201cJ\u00e1 passou tempo suficiente. Decidi que quero ir agora. J\u00e1 passou uma eternidade. Agora, por favor, lancem-no, agora, vamos l\u00e1\u201d, escreveu o m\u00fasico na sua conta no Instagram.<\/p>\n<p dir=\"ltr\">O 13.\u00ba \u00e1lbum de est\u00fadio de Robbie Williams inclui os temas \u201cRocket\u201d, \u201cSpies\u201d, \u201cHuman\u201d e \u201cPretty Face\u201d. Esta sxta-feira, o m\u00fasico destacou ainda o single \u201cAll My Life\u201d.<\/p>\n<p>O \u00e1lbum conta com colabora\u00e7\u00f5es de Gary Barlow, dos Take That, Chris Martin, dos Coldplay, e de Tony Iommi, dos Black Sabbath.<\/p>\n<p>&#8220;\u00c9 o \u00e1lbum que sempre quis criar quando deixei os Take That. \u00c9 uma homenagem a uma era dourada da m\u00fasica brit\u00e2nica\u201d, confessa o artista que atua no final do ver\u00e3o no MEO Kalorama, em Lisboa.<\/p>\n","protected":false},"excerpt":{"rendered":"Robbie Williams come\u00e7ou o ano a surpreender os f\u00e3s. Esta sexta-feira, 16 de janeiro, o cantor editou o&hellip;\n","protected":false},"author":2,"featured_media":231928,"comment_status":"","ping_status":"","sticky":false,"template":"","format":"standard","meta":{"footnotes":""},"categories":[141],"tags":[114,115,149,150,32,33],"class_list":{"0":"post-231927","1":"post","2":"type-post","3":"status-publish","4":"format-standard","5":"has-post-thumbnail","7":"category-musica","8":"tag-entertainment","9":"tag-entretenimento","10":"tag-music","11":"tag-musica","12":"tag-portugal","13":"tag-pt"},"share_on_mastodon":{"url":"https:\/\/pubeurope.com\/@pt\/115906613267868792","error":""},"_links":{"self":[{"href":"https:\/\/www.europesays.com\/pt\/wp-json\/wp\/v2\/posts\/231927","targetHints":{"allow":["GET"]}}],"collection":[{"href":"https:\/\/www.europesays.com\/pt\/wp-json\/wp\/v2\/posts"}],"about":[{"href":"https:\/\/www.europesays.com\/pt\/wp-json\/wp\/v2\/types\/post"}],"author":[{"embeddable":true,"href":"https:\/\/www.europesays.com\/pt\/wp-json\/wp\/v2\/users\/2"}],"replies":[{"embeddable":true,"href":"https:\/\/www.europesays.com\/pt\/wp-json\/wp\/v2\/comments?post=231927"}],"version-history":[{"count":0,"href":"https:\/\/www.europesays.com\/pt\/wp-json\/wp\/v2\/posts\/231927\/revisions"}],"wp:featuredmedia":[{"embeddable":true,"href":"https:\/\/www.europesays.com\/pt\/wp-json\/wp\/v2\/media\/231928"}],"wp:attachment":[{"href":"https:\/\/www.europesays.com\/pt\/wp-json\/wp\/v2\/media?parent=231927"}],"wp:term":[{"taxonomy":"category","embeddable":true,"href":"https:\/\/www.europesays.com\/pt\/wp-json\/wp\/v2\/categories?post=231927"},{"taxonomy":"post_tag","embeddable":true,"href":"https:\/\/www.europesays.com\/pt\/wp-json\/wp\/v2\/tags?post=231927"}],"curies":[{"name":"wp","href":"https:\/\/api.w.org\/{rel}","templated":true}]}}