{"id":231934,"date":"2026-01-16T20:19:08","date_gmt":"2026-01-16T20:19:08","guid":{"rendered":"https:\/\/www.europesays.com\/pt\/231934\/"},"modified":"2026-01-16T20:19:08","modified_gmt":"2026-01-16T20:19:08","slug":"beta-do-gemini-com-inteligencia-pessoal","status":"publish","type":"post","link":"https:\/\/www.europesays.com\/pt\/231934\/","title":{"rendered":"Beta do Gemini com Intelig\u00eancia Pessoal"},"content":{"rendered":"<p class=\"has-text-align-center\">Imagem: <a href=\"https:\/\/br.freepik.com\/fotos-gratis\/retrato-de-uma-linda-menina-sorridente-vestida-de-pijama-branco-e-ouvindo-musica-com-fones-de-ouvido-mulher-despreocupada-sentada-na-cadeira-do-saco-macio_16495868.htm#fromView=search&amp;page=1&amp;position=10&amp;uuid=2c34a766-3e71-4cf6-a2a6-57511f7dd714&amp;query=alguem+sorrindo+para+o+celular\" target=\"_blank\" rel=\"noreferrer noopener nofollow\">Freepik<\/a><\/p>\n<p>Na Google, a vis\u00e3o para o futuro da Intelig\u00eancia Artificial sempre foi clara: tornar a tecnologia profundamente \u00fatil, contextual e, acima de tudo, pessoal.<\/p>\n<p>Hoje, esse futuro d\u00e1 um salto qu\u00e2ntico com o an\u00fancio da vers\u00e3o beta da <a href=\"https:\/\/blog.google\/innovation-and-ai\/products\/gemini-app\/personal-intelligence\/\" target=\"_blank\" rel=\"noreferrer noopener nofollow\">Intelig\u00eancia Pessoal para o Gemini<\/a>, da Google. Este servi\u00e7o experimental e opcional representa uma mudan\u00e7a de paradigma fundamental, ao passar de respostas gen\u00e9ricas para uma experi\u00eancia de IA que compreende e se adapta ao contexto \u00fanico de cada indiv\u00edduo.<\/p>\n<p>Apresentada inicialmente na aplica\u00e7\u00e3o Gemini (com lan\u00e7amento inicial nos Estados Unidos), a Intelig\u00eancia Pessoal promete redefinir a intera\u00e7\u00e3o humano-computador ao \u201cligar os pontos\u201d do ecossistema digital do utilizador, come\u00e7ando por servi\u00e7os como o Gmail, o Google Fotos, a Pesquisa Google e o Hist\u00f3rico do YouTube.<\/p>\n<p>Esta inova\u00e7\u00e3o n\u00e3o \u00e9 apenas mais uma funcionalidade; \u00e9 a materializa\u00e7\u00e3o da promessa de uma IA que funciona como uma extens\u00e3o da nossa mem\u00f3ria, das nossas prefer\u00eancias e da nossa vida quotidiana, oferecendo uma assist\u00eancia n\u00e3o reactiva, mas proactiva e verdadeiramente significativa.<\/p>\n<p>O funcionamento: para al\u00e9m da assist\u00eancia gen\u00e9rica<\/p>\n<p>A base da Intelig\u00eancia Pessoal para o Gemini reside na sua capacidade de raciocinar sobre os dados do utilizador, uma evolu\u00e7\u00e3o significativa face \u00e0 simples recupera\u00e7\u00e3o de informa\u00e7\u00e3o.<\/p>\n<p>Com a autoriza\u00e7\u00e3o expl\u00edcita e o controlo total do utilizador, o Gemini 3, a itera\u00e7\u00e3o mais recente do modelo, analisa e sintetiza informa\u00e7\u00f5es provenientes de v\u00e1rias fontes para compreender necessidades e prefer\u00eancias de forma hol\u00edstica.<\/p>\n<p>Embora o Gemini j\u00e1 conseguisse aceder a conte\u00fados de aplica\u00e7\u00f5es mediante permiss\u00e3o, a nova capacidade de \u201cracioc\u00ednio\u201d permite-lhe estabelecer liga\u00e7\u00f5es inteligentes sem instru\u00e7\u00f5es expl\u00edcitas sobre onde procurar.<\/p>\n<p>Por exemplo, ao planear uma viagem, o utilizador n\u00e3o precisa de indicar ao assistente que verifique os e-mails de reserva. O Gemini, ao activar a Intelig\u00eancia Pessoal, faz essa associa\u00e7\u00e3o automaticamente, criando um plano contextual.<\/p>\n<p>A IA que conhece o seu mundo: exemplos pr\u00e1ticos<\/p>\n<p>Na pr\u00e1tica, a diferen\u00e7a entre uma IA gen\u00e9rica e a Intelig\u00eancia Pessoal para o Gemini torna-se evidente em cen\u00e1rios do dia-a-dia. \u00c9 poss\u00edvel observar exemplos pr\u00e1ticos na tabela abaixo, onde se ilustra a evolu\u00e7\u00e3o na resposta do assistente.<\/p>\n<p><img fetchpriority=\"high\" decoding=\"async\" width=\"832\" height=\"598\" src=\"https:\/\/www.europesays.com\/pt\/wp-content\/uploads\/2026\/01\/beta-gemini.png\" alt=\"Beta do Gemini: A IA que conhece o seu mundo\" class=\"wp-image-149680\"  \/><\/p>\n<p>Disponibilidade e expans\u00e3o futura<\/p>\n<p>O lan\u00e7amento inicial desta funcionalidade beta \u00e9 cuidadosamente direccionado. A implementa\u00e7\u00e3o come\u00e7ou no dia 14 de Janeiro para subscritores dos <a href=\"https:\/\/gemini.google\/br\/subscriptions\" target=\"_blank\" rel=\"noreferrer noopener nofollow\">planos Google AI Pro e AI Ultra<\/a> (anteriormente Gemini Advanced) nos Estados Unidos. Uma vez activada, a Intelig\u00eancia Pessoal funciona de forma integrada na Web e nas aplica\u00e7\u00f5es m\u00f3veis (Android e iOS), estando dispon\u00edvel para utiliza\u00e7\u00e3o com todos os modelos presentes no selector do Gemini.<\/p>\n<p>\u00c9 importante salientar que, por enquanto, a funcionalidade est\u00e1 dispon\u00edvel apenas para Contas Google pessoais, n\u00e3o se estendendo a utilizadores empresariais ou do sector educativo do Google Workspace.<\/p>\n<p>No entanto, a vis\u00e3o da Google \u00e9 de uma expans\u00e3o alargada. Em breve, a empresa planeia disponibilizar a Intelig\u00eancia Pessoal para o Gemini em mais pa\u00edses e tamb\u00e9m no modelo gratuito do Gemini. Al\u00e9m disso, est\u00e1 prevista a sua integra\u00e7\u00e3o futura na Pesquisa Google em Modo de IA, ampliando ainda mais o seu alcance e utilidade.<\/p>\n<p>Pilar fundamental: privacidade, controlo e transpar\u00eancia<\/p>\n<p>A Google reconhece que o potencial de uma IA verdadeiramente pessoal deve estar indissociavelmente ligado a um compromisso inabal\u00e1vel com a privacidade e o controlo do utilizador. Por esta raz\u00e3o, a experi\u00eancia da Intelig\u00eancia Pessoal encontra-se desactivada por defeito. Cada utilizador decide conscientemente se, quando e quais as aplica\u00e7\u00f5es que pretende associar ao Gemini.<\/p>\n<p>Mesmo ap\u00f3s a activa\u00e7\u00e3o, a personaliza\u00e7\u00e3o n\u00e3o \u00e9 universal. O sistema foi concebido para utilizar o contexto pessoal apenas quando determina, atrav\u00e9s do seu racioc\u00ednio, que isso trar\u00e1 um benef\u00edcio claro para a resposta. O utilizador mant\u00e9m sempre o controlo:<\/p>\n<ul class=\"wp-block-list\">\n<li><strong>Controlo granular:<\/strong> \u00c9 poss\u00edvel ligar algumas aplica\u00e7\u00f5es (por exemplo, Gmail) e manter outras desligadas (como o Google Fotos), permitindo uma personaliza\u00e7\u00e3o \u00e0 medida.<\/li>\n<li><strong>\u201cTentar novamente\u201d sem contexto:<\/strong> Em qualquer resposta, um simples clique no bot\u00e3o \u201cTentar novamente\u201d permite obter uma resposta gen\u00e9rica, sem recurso aos dados pessoais.<\/li>\n<li><strong>Feedback directo:<\/strong> Est\u00e1 dispon\u00edvel um bot\u00e3o \u201cN\u00e3o gosto\u201d especificamente para fornecer feedback sobre o n\u00edvel de personaliza\u00e7\u00e3o aplicado.<\/li>\n<li><strong>Gest\u00e3o de conversas:<\/strong> A personaliza\u00e7\u00e3o baseada em conversas anteriores do Gemini (activada por defeito) pode ser interrompida ao desactivar a defini\u00e7\u00e3o \u201cConversas anteriores do Gemini\u201d. Todas as conversas podem ser geridas e eliminadas a qualquer momento.<\/li>\n<li><strong>Controlo por conversa (em breve):<\/strong> Uma funcionalidade actualmente em desenvolvimento permitir\u00e1 escolher, conversa a conversa, atrav\u00e9s do menu \u201cFerramentas\u201d, se se pretende ou n\u00e3o activar a personaliza\u00e7\u00e3o nessa interac\u00e7\u00e3o espec\u00edfica.<\/li>\n<\/ul>\n<p><img loading=\"lazy\" decoding=\"async\" width=\"784\" height=\"652\" src=\"https:\/\/www.europesays.com\/pt\/wp-content\/uploads\/2026\/01\/beta-do-gemini.png\" alt=\"Google lan\u00e7a beta do Gemini com Intelig\u00eancia Pessoal, assinalando um novo avan\u00e7o na IA personalizada\" class=\"wp-image-149679\"  \/>Imagem: Blog Google<\/p>\n<p>O in\u00edcio de uma nova era na interac\u00e7\u00e3o com a tecnologia<\/p>\n<p>O lan\u00e7amento da vers\u00e3o beta \u00e9 muito mais do que uma simples actualiza\u00e7\u00e3o de produto; \u00e9 a declara\u00e7\u00e3o de um novo rumo. Trata-se do in\u00edcio concreto de uma jornada rumo a um mundo onde a tecnologia de IA deixa de ser uma ferramenta externa e padronizada para se tornar um aliado interno e personalizado.<\/p>\n<p>A Google est\u00e1 a construir pontes entre as ilhas de informa\u00e7\u00e3o que comp\u00f5em a nossa vida digital, criando um assistente que n\u00e3o s\u00f3 responde, mas compreende. Que n\u00e3o s\u00f3 executa, mas antecipa. Que n\u00e3o \u00e9 apenas inteligente, mas verdadeiramente pessoal.<\/p>\n","protected":false},"excerpt":{"rendered":"Imagem: Freepik Na Google, a vis\u00e3o para o futuro da Intelig\u00eancia Artificial sempre foi clara: tornar a tecnologia&hellip;\n","protected":false},"author":2,"featured_media":231935,"comment_status":"","ping_status":"","sticky":false,"template":"","format":"standard","meta":{"footnotes":""},"categories":[84],"tags":[109,107,108,32,33,105,103,104,106,110],"class_list":{"0":"post-231934","1":"post","2":"type-post","3":"status-publish","4":"format-standard","5":"has-post-thumbnail","7":"category-ciencia-e-tecnologia","8":"tag-ciencia","9":"tag-ciencia-e-tecnologia","10":"tag-cienciaetecnologia","11":"tag-portugal","12":"tag-pt","13":"tag-science","14":"tag-science-and-technology","15":"tag-scienceandtechnology","16":"tag-technology","17":"tag-tecnologia"},"share_on_mastodon":{"url":"https:\/\/pubeurope.com\/@pt\/115906632990392005","error":""},"_links":{"self":[{"href":"https:\/\/www.europesays.com\/pt\/wp-json\/wp\/v2\/posts\/231934","targetHints":{"allow":["GET"]}}],"collection":[{"href":"https:\/\/www.europesays.com\/pt\/wp-json\/wp\/v2\/posts"}],"about":[{"href":"https:\/\/www.europesays.com\/pt\/wp-json\/wp\/v2\/types\/post"}],"author":[{"embeddable":true,"href":"https:\/\/www.europesays.com\/pt\/wp-json\/wp\/v2\/users\/2"}],"replies":[{"embeddable":true,"href":"https:\/\/www.europesays.com\/pt\/wp-json\/wp\/v2\/comments?post=231934"}],"version-history":[{"count":0,"href":"https:\/\/www.europesays.com\/pt\/wp-json\/wp\/v2\/posts\/231934\/revisions"}],"wp:featuredmedia":[{"embeddable":true,"href":"https:\/\/www.europesays.com\/pt\/wp-json\/wp\/v2\/media\/231935"}],"wp:attachment":[{"href":"https:\/\/www.europesays.com\/pt\/wp-json\/wp\/v2\/media?parent=231934"}],"wp:term":[{"taxonomy":"category","embeddable":true,"href":"https:\/\/www.europesays.com\/pt\/wp-json\/wp\/v2\/categories?post=231934"},{"taxonomy":"post_tag","embeddable":true,"href":"https:\/\/www.europesays.com\/pt\/wp-json\/wp\/v2\/tags?post=231934"}],"curies":[{"name":"wp","href":"https:\/\/api.w.org\/{rel}","templated":true}]}}