{"id":231942,"date":"2026-01-16T20:23:17","date_gmt":"2026-01-16T20:23:17","guid":{"rendered":"https:\/\/www.europesays.com\/pt\/231942\/"},"modified":"2026-01-16T20:23:17","modified_gmt":"2026-01-16T20:23:17","slug":"europeu-andebol-portugal-estreia-se-com-triunfo-frente-a-romenia-3","status":"publish","type":"post","link":"https:\/\/www.europesays.com\/pt\/231942\/","title":{"rendered":"Europeu Andebol. Portugal estreia-se com triunfo frente \u00e0 Rom\u00e9nia"},"content":{"rendered":"<p>                Na cidade dinamarquesa de Herning, os \u2018her\u00f3is do mar\u2019 ainda foram surpreendidos nos instantes iniciais, mas rapidamente meteram os romenos no \u2018bolso\u2019 sem terem de acelerar muito jogo, conseguindo chegar ao tempo de descanso a vencer por 23-15.<\/p>\n<p>\u00c0 procura de replicar, ou at\u00e9 melhorar, o sexto lugar conseguido na edi\u00e7\u00e3o de 2020, os lusos depararam-se com opoente muito organizado no cap\u00edtulo defensivo, obrigando Portugal a jogar longe da baliza e a errar.<\/p>\n<p>A Rom\u00e9nia, que disputa a fase final pela quarta vez &#8211; tendo como melhor registo o nono lugar em 1996 -, mas que se sagrou campe\u00e3 mundial em quatro ocasi\u00f5es (1961, 1964, 1970 e 1974), aproveitou para surpreender e colocou-se a ganhar nos primeiros cinco minutos, por dois golos, em dois momentos (3-1 e 4-2).<\/p>\n<p>S\u00f3 que, depois, come\u00e7ou a ficar evidente a diferen\u00e7a de qualidade, com v\u00e1rias falhas t\u00e9cnicas no ataque, e Portugal disse \u2018obrigado\u2019 para passar a liderar confortavelmente o desafio, na Jyske Bank Boxen.<\/p>\n<p>O lateral Miguel Neves, um dos seis estreantes do grupo, foi o autor primeiro golo de Portugal na 17.\u00aa fase final do Euro, mas tamb\u00e9m acabou expulso perto do final, e num \u00e1pice a diferen\u00e7a no placard chegou aos nove golos (19-10), com quase todos os jogadores a marcarem, j\u00e1 que o selecionador Paulo Jorge Pereira aproveitou para dar minutos a quase todos.<\/p>\n<p>Apesar da \u2018gorda\u2019 vantagem conseguida nos primeiros 30 minutos, Portugal n\u00e3o abrandou o ritmo e foi \u00e0 procura de marcar o maior n\u00famero de golos poss\u00edvel e, neste capitulo, houve dois jogadores que muito contribu\u00edram: Francisco Costa (nove golos) e Martim Costa (sete).<\/p>\n<p>O guarda-redes Gustavo Capdeville tamb\u00e9m esteve em bom plano entre os postes, com quase uma dezena de defesas importantes, e foi rendido pelo estreante Diogo Val\u00e9rio, numa altura em que tamb\u00e9m houve nova gest\u00e3o nos jogadores de campo.<\/p>\n<p>Pedro Tonicher, que hoje celebra 23 anos, e o central Filipe Monteiro foram preteridos da ficha de jogo e viram o encontro da bancada.<\/p>\n<p>No domingo, novamente \u00e0s 17:00 (horas de Lisboa), os \u2018her\u00f3is do mar\u2019 defrontam a Maced\u00f3nia do Norte, que hoje mede for\u00e7as com a Dinamarca, anfitri\u00e3 e tetracampe\u00e3 campe\u00e3 mundial, advers\u00e1ria dos lusos na ter\u00e7a-feira.<\/p>\n<p>Jogo na Jyske Bank Boxen, em Herning.<\/p>\n<p>Portugal \u2013 Rom\u00e9nia, 40-34.<\/p>\n<p>Ao intervalo: 23-15.<\/p>\n<p>Com arbitragem de Mirza Kurtagic e Mattias Wetterwik, ambos da Su\u00e9cia, as sele\u00e7\u00f5es alinharam e marcaram:<\/p>\n<p>&#8211; Portugal (40): Gustavo Capdeville, Rui Silva, Francisco Costa (9), Salvador (6), Lu\u00eds Frade, Ant\u00f3nio Areia (2) e Diogo Branquinho (1).<\/p>\n<p>Jogaram ainda Rui Silva (1), Iturriza (2), Leonel Fernandes (2), Miguel Neves (4), Jo\u00e3o Gomes (1), Martim Costa (7), Lu\u00eds Frade (3), Jos\u00e9 Ferreira, Ricardo Brand\u00e3o (2), Gabriel Cavalcanti e Diogo Val\u00e9rio.<\/p>\n<p>Selecionador: Paulo Jorge Pereira.<\/p>\n<p>&#8211; Rom\u00e9nia (34): Iancu, Militaru, Szasz (4), Ghita (2), Buzle (6), Andrei e Grigore (1).<\/p>\n<p>Jogaram ainda Veres (2), Calin (3), Nistor (4), Botea, Cumpanici (1), Popescu, Stanescu (1), Stanciuc (8) e Racotea (2).<\/p>\n<p>Selecionador: George Buricea.<\/p>\n<p>Assist\u00eancia: 10.908 espetadores. <br \/>&#13;\n            <\/p>\n","protected":false},"excerpt":{"rendered":"Na cidade dinamarquesa de Herning, os \u2018her\u00f3is do mar\u2019 ainda foram surpreendidos nos instantes iniciais, mas rapidamente meteram&hellip;\n","protected":false},"author":2,"featured_media":231836,"comment_status":"","ping_status":"","sticky":false,"template":"","format":"standard","meta":{"footnotes":""},"categories":[8],"tags":[27,28,15,16,14,25,26,21,22,12,13,19,20,32,23,24,33,420,421,17,18,29,30,31],"class_list":{"0":"post-231942","1":"post","2":"type-post","3":"status-publish","4":"format-standard","5":"has-post-thumbnail","7":"category-principais-noticias","8":"tag-breaking-news","9":"tag-breakingnews","10":"tag-featured-news","11":"tag-featurednews","12":"tag-headlines","13":"tag-latest-news","14":"tag-latestnews","15":"tag-main-news","16":"tag-mainnews","17":"tag-news","18":"tag-noticias","19":"tag-noticias-principais","20":"tag-noticiasprincipais","21":"tag-portugal","22":"tag-principais-noticias","23":"tag-principaisnoticias","24":"tag-pt","25":"tag-rtp","26":"tag-rtp-noticias","27":"tag-top-stories","28":"tag-topstories","29":"tag-ultimas","30":"tag-ultimas-noticias","31":"tag-ultimasnoticias"},"share_on_mastodon":{"url":"https:\/\/pubeurope.com\/@pt\/115906648662983028","error":""},"_links":{"self":[{"href":"https:\/\/www.europesays.com\/pt\/wp-json\/wp\/v2\/posts\/231942","targetHints":{"allow":["GET"]}}],"collection":[{"href":"https:\/\/www.europesays.com\/pt\/wp-json\/wp\/v2\/posts"}],"about":[{"href":"https:\/\/www.europesays.com\/pt\/wp-json\/wp\/v2\/types\/post"}],"author":[{"embeddable":true,"href":"https:\/\/www.europesays.com\/pt\/wp-json\/wp\/v2\/users\/2"}],"replies":[{"embeddable":true,"href":"https:\/\/www.europesays.com\/pt\/wp-json\/wp\/v2\/comments?post=231942"}],"version-history":[{"count":0,"href":"https:\/\/www.europesays.com\/pt\/wp-json\/wp\/v2\/posts\/231942\/revisions"}],"wp:featuredmedia":[{"embeddable":true,"href":"https:\/\/www.europesays.com\/pt\/wp-json\/wp\/v2\/media\/231836"}],"wp:attachment":[{"href":"https:\/\/www.europesays.com\/pt\/wp-json\/wp\/v2\/media?parent=231942"}],"wp:term":[{"taxonomy":"category","embeddable":true,"href":"https:\/\/www.europesays.com\/pt\/wp-json\/wp\/v2\/categories?post=231942"},{"taxonomy":"post_tag","embeddable":true,"href":"https:\/\/www.europesays.com\/pt\/wp-json\/wp\/v2\/tags?post=231942"}],"curies":[{"name":"wp","href":"https:\/\/api.w.org\/{rel}","templated":true}]}}