{"id":231945,"date":"2026-01-16T20:30:11","date_gmt":"2026-01-16T20:30:11","guid":{"rendered":"https:\/\/www.europesays.com\/pt\/231945\/"},"modified":"2026-01-16T20:30:11","modified_gmt":"2026-01-16T20:30:11","slug":"20-nomes-fora-da-caixa-para-roberto-martinez-levar-ao-mundial-fotos","status":"publish","type":"post","link":"https:\/\/www.europesays.com\/pt\/231945\/","title":{"rendered":"20 nomes \u2018fora da caixa\u2019 para Roberto Mart\u00ednez levar ao Mundial (fotos)"},"content":{"rendered":"<p>Roberto Mart\u00ednez n\u00e3o teve problemas em comentar a possibilidade de convocar <a target=\"_blank\" class=\"editor-link autolink-enabled\" href=\"https:\/\/www.abola.pt\/futebol\/jogador\/nuno-moreira-227213\" data-resource-id=\"227213\" data-resource-type=\"player\" data-sport=\"football\" rel=\"nofollow noopener\">Nuno Moreira<\/a> para o <a target=\"_blank\" class=\"editor-link autolink-enabled\" href=\"https:\/\/www.abola.pt\/futebol\/competicao\/mundial-30\" data-resource-id=\"30\" data-resource-type=\"competition\" data-sport=\"football\" rel=\"nofollow noopener\">Mundial<\/a>. \u00abGostei muito do per\u00edodo de adapta\u00e7\u00e3o que ele teve, o processo que est\u00e1 a ter no Brasil. Acho que cresceu muito como jogador. No futuro, as portas est\u00e3o sempre abertas\u00bb, disse o selecionador, mostrando ter mente aberta para seguir jogadores que n\u00e3o tem chamado para os jogos de <a target=\"_blank\" class=\"editor-link autolink-enabled\" href=\"https:\/\/www.abola.pt\/futebol\/portugal-1651\" data-resource-id=\"1651\" data-resource-type=\"team\" data-sport=\"football\" rel=\"nofollow noopener\">Portugal<\/a>.<\/p>\n<p>Por se tratar de um futebolista que nem internacional jovem foi, a convocat\u00f3ria de Nuno Moreira para o Campeonato do Mundo seria surpreendente.<\/p>\n<p>E nesse sentido, <strong>A BOLA<\/strong> traz-lhe 20 nomes que, tal como o jogador do Vasco da Gama, t\u00eam jogado com regularidade \u2013 oito deles em Portugal, os restantes no estrangeiro \u2013 nos respetivos clubes e podem ambicionar a chegarem ao maior palco de todos com a camisola da quinas.<\/p>\n","protected":false},"excerpt":{"rendered":"Roberto Mart\u00ednez n\u00e3o teve problemas em comentar a possibilidade de convocar Nuno Moreira para o Mundial. \u00abGostei muito&hellip;\n","protected":false},"author":2,"featured_media":231946,"comment_status":"","ping_status":"","sticky":false,"template":"","format":"standard","meta":{"footnotes":""},"categories":[87],"tags":[135,32,33,134],"class_list":{"0":"post-231945","1":"post","2":"type-post","3":"status-publish","4":"format-standard","5":"has-post-thumbnail","7":"category-desporto","8":"tag-desporto","9":"tag-portugal","10":"tag-pt","11":"tag-sports"},"share_on_mastodon":{"url":"https:\/\/pubeurope.com\/@pt\/115906676178763510","error":""},"_links":{"self":[{"href":"https:\/\/www.europesays.com\/pt\/wp-json\/wp\/v2\/posts\/231945","targetHints":{"allow":["GET"]}}],"collection":[{"href":"https:\/\/www.europesays.com\/pt\/wp-json\/wp\/v2\/posts"}],"about":[{"href":"https:\/\/www.europesays.com\/pt\/wp-json\/wp\/v2\/types\/post"}],"author":[{"embeddable":true,"href":"https:\/\/www.europesays.com\/pt\/wp-json\/wp\/v2\/users\/2"}],"replies":[{"embeddable":true,"href":"https:\/\/www.europesays.com\/pt\/wp-json\/wp\/v2\/comments?post=231945"}],"version-history":[{"count":0,"href":"https:\/\/www.europesays.com\/pt\/wp-json\/wp\/v2\/posts\/231945\/revisions"}],"wp:featuredmedia":[{"embeddable":true,"href":"https:\/\/www.europesays.com\/pt\/wp-json\/wp\/v2\/media\/231946"}],"wp:attachment":[{"href":"https:\/\/www.europesays.com\/pt\/wp-json\/wp\/v2\/media?parent=231945"}],"wp:term":[{"taxonomy":"category","embeddable":true,"href":"https:\/\/www.europesays.com\/pt\/wp-json\/wp\/v2\/categories?post=231945"},{"taxonomy":"post_tag","embeddable":true,"href":"https:\/\/www.europesays.com\/pt\/wp-json\/wp\/v2\/tags?post=231945"}],"curies":[{"name":"wp","href":"https:\/\/api.w.org\/{rel}","templated":true}]}}