{"id":231947,"date":"2026-01-16T20:31:08","date_gmt":"2026-01-16T20:31:08","guid":{"rendered":"https:\/\/www.europesays.com\/pt\/231947\/"},"modified":"2026-01-16T20:31:08","modified_gmt":"2026-01-16T20:31:08","slug":"noticia-vigilancia-ambiental-registra-quase-600-atendimentos-envolvendo-morcegos-em-2025","status":"publish","type":"post","link":"https:\/\/www.europesays.com\/pt\/231947\/","title":{"rendered":"Not\u00edcia &#8211; Vigil\u00e2ncia Ambiental registra quase 600 atendimentos envolvendo morcegos em 2025"},"content":{"rendered":"<p>Em 2025, a Vigil\u00e2ncia Ambiental em Sa\u00fade (VAS) registrou um total de 597 atendimentos relacionados a morcegos (quir\u00f3pteros) no munic\u00edpio. De acordo com o levantamento, o per\u00edodo com maior ocorr\u00eancia foi de janeiro a mar\u00e7o e de outubro a dezembro, somando 453 casos, o que representa cerca de 76% do total anual.<\/p>\n<p>\u00a0<\/p>\n<p>Esse aumento est\u00e1 relacionado ao per\u00edodo reprodutivo (outubro a mar\u00e7o), principalmente dos morcegos inset\u00edvoros, quando h\u00e1 maior atividade das col\u00f4nias, maior presen\u00e7a de filhotes e maior probabilidade de ocorr\u00eancia de animais em locais n\u00e3o habituais, como quintais, garagens, \u00e1reas internas e forros de edifica\u00e7\u00f5es.<\/p>\n<p>\u00a0<\/p>\n<p>A Vigil\u00e2ncia refor\u00e7a que os morcegos s\u00e3o animais silvestres, protegidos por lei, e exercem papel fundamental no equil\u00edbrio ambiental, atuando no controle de insetos, na poliniza\u00e7\u00e3o e na dispers\u00e3o de sementes. As esp\u00e9cies mais comuns em \u00e1rea urbana, como morcegos inset\u00edvoros, frug\u00edvoros e nectar\u00edvoros, n\u00e3o s\u00e3o alvos de controle em sa\u00fade p\u00fablica, sendo indicados para resgate apenas quando encontrados ca\u00eddos ou em situa\u00e7\u00f5es incomuns, com posterior encaminhamento para exame de poss\u00edvel diagn\u00f3stico de raiva.<\/p>\n<p>\u00a0<\/p>\n<p>A VAS ressalta ainda que, em 2025, n\u00e3o foram identificados morcegos positivos para o v\u00edrus da raiva em Botucatu. Apesar disso, por se tratarem de reservat\u00f3rios naturais do v\u00edrus, o servi\u00e7o orienta que a popula\u00e7\u00e3o n\u00e3o manuseie morcegos vivos ou mortos, evitando qualquer tipo de contato direto. Em caso de encontro de morcego ca\u00eddo, a recomenda\u00e7\u00e3o \u00e9 isolar o animal, cobrindo-o com um balde ou caixa de papel\u00e3o, mantendo dist\u00e2ncia de pessoas e animais dom\u00e9sticos e sem descart\u00e1-lo. Caso um morcego entre voando no im\u00f3vel, a orienta\u00e7\u00e3o \u00e9 apagar as luzes, fechar portas internas e deixar uma janela aberta, permitindo que o animal saia.<\/p>\n<p>\u00a0<\/p>\n<p>A Vigil\u00e2ncia Ambiental em Sa\u00fade realiza orienta\u00e7\u00f5es para desalojamento de morcegos em forros, contudo, refor\u00e7a que o manejo n\u00e3o pode ser realizado durante o per\u00edodo reprodutivo, devido ao risco de haver filhotes no local.<\/p>\n<p><strong>Servi\u00e7o:<\/strong><br \/>Vigil\u00e2ncia Ambiental em Sa\u00fade &#8211; de segunda a sexta-feira, das 7h30 \u00e0s 17 horas<\/p>\n<p>Telefone: (14) 3811-1609<\/p>\n<p>Ap\u00f3s esse hor\u00e1rio, aos finais de semana e em feriados: acionar a Guarda Civil Municipal (GCM)<\/p>\n<p>Telefone: 153<\/p>\n","protected":false},"excerpt":{"rendered":"Em 2025, a Vigil\u00e2ncia Ambiental em Sa\u00fade (VAS) registrou um total de 597 atendimentos relacionados a morcegos (quir\u00f3pteros)&hellip;\n","protected":false},"author":2,"featured_media":231948,"comment_status":"","ping_status":"","sticky":false,"template":"","format":"standard","meta":{"footnotes":""},"categories":[86],"tags":[34837,1300,116,5231,1133,32,3046,33,117],"class_list":{"0":"post-231947","1":"post","2":"type-post","3":"status-publish","4":"format-standard","5":"has-post-thumbnail","7":"category-saude","8":"tag-botucatu","9":"tag-cidade","10":"tag-health","11":"tag-municipal","12":"tag-noticia","13":"tag-portugal","14":"tag-prefeitura","15":"tag-pt","16":"tag-saude"},"share_on_mastodon":{"url":"https:\/\/pubeurope.com\/@pt\/115906680136414438","error":""},"_links":{"self":[{"href":"https:\/\/www.europesays.com\/pt\/wp-json\/wp\/v2\/posts\/231947","targetHints":{"allow":["GET"]}}],"collection":[{"href":"https:\/\/www.europesays.com\/pt\/wp-json\/wp\/v2\/posts"}],"about":[{"href":"https:\/\/www.europesays.com\/pt\/wp-json\/wp\/v2\/types\/post"}],"author":[{"embeddable":true,"href":"https:\/\/www.europesays.com\/pt\/wp-json\/wp\/v2\/users\/2"}],"replies":[{"embeddable":true,"href":"https:\/\/www.europesays.com\/pt\/wp-json\/wp\/v2\/comments?post=231947"}],"version-history":[{"count":0,"href":"https:\/\/www.europesays.com\/pt\/wp-json\/wp\/v2\/posts\/231947\/revisions"}],"wp:featuredmedia":[{"embeddable":true,"href":"https:\/\/www.europesays.com\/pt\/wp-json\/wp\/v2\/media\/231948"}],"wp:attachment":[{"href":"https:\/\/www.europesays.com\/pt\/wp-json\/wp\/v2\/media?parent=231947"}],"wp:term":[{"taxonomy":"category","embeddable":true,"href":"https:\/\/www.europesays.com\/pt\/wp-json\/wp\/v2\/categories?post=231947"},{"taxonomy":"post_tag","embeddable":true,"href":"https:\/\/www.europesays.com\/pt\/wp-json\/wp\/v2\/tags?post=231947"}],"curies":[{"name":"wp","href":"https:\/\/api.w.org\/{rel}","templated":true}]}}