{"id":231956,"date":"2026-01-16T20:38:06","date_gmt":"2026-01-16T20:38:06","guid":{"rendered":"https:\/\/www.europesays.com\/pt\/231956\/"},"modified":"2026-01-16T20:38:06","modified_gmt":"2026-01-16T20:38:06","slug":"quanto-valeriam-hoje-r-15-mil-valor-do-primeiro-contrato-de-samara-felippo-com-a-globo-terra","status":"publish","type":"post","link":"https:\/\/www.europesays.com\/pt\/231956\/","title":{"rendered":"Quanto valeriam hoje R$ 1,5 mil, valor do primeiro contrato de Samara Felippo com a Globo? &#8211; Terra"},"content":{"rendered":"<ol>\n<li><a href=\"https:\/\/news.google.com\/rss\/articles\/CBMi-gFBVV95cUxNeGxTXzI3akV2TDhfY3pWR2JNUFZCR0xXU1MzaVZUbWdjM0FuM3h6eWR0d1g0eWsyZDlob0cyTTFIRFQtMFpMMzYyT1h3ajd6MzdhSThjem0xeWtXUExmNmRLMGVCM1BpX2NlVWNtN2xLVEFhZEl2Ml9XSHdLMFprV0xnZUZLY2FCZmxvSXRzeW1NcV9CS1h1SVBUMUw2aDlOd3N5cjBhakFqcmUwd2pGRERYc0xBUjR4UWdLVHJMQmlyRlpkbGEzbVlBaEhCUzlTTE1pV3ZYMjlwN1dBU1lIbjc4eFZnQ3NTVDB6T1RfTlRVbHBoWnZwSnlR?oc=5\" target=\"_blank\" rel=\"nofollow noopener\">Quanto valeriam hoje R$ 1,5 mil, valor do primeiro contrato de Samara Felippo com a Globo?<\/a>&nbsp;&nbsp;Terra<\/li>\n<li><a href=\"https:\/\/news.google.com\/rss\/articles\/CBMiwAFBVV95cUxNaVh2SnA5dGp4TWwyTm9WQUt6XzFNSTh2amlNWVdCbjNkNTNNV3RXdXZpb0NCOTdTQXlsTnpDQXVrZjc2Y2xuZWRKVC1leUV5eVkzQllLNUlnWGlfQkVKaGZwZi04NFVUSHhBT0xBMGVIZ3lEOHBxT1VKYXRrZVlDdGtGbFJEdjZLV3V3UzZvTzZWalRtRnh2S0NocGdyUk1rWG5EWWgwM24xd29fVHR6RTJjeVRHOVRxN2NEd29McnPSAcYBQVVfeXFMUFF2T3BRUDloc0hMU25BNkNVNVE5MFQ3bW5wS1luMmhkMWFxdHNRSzlHSUM3VEU4NnphVEUtV3EwMTJCTE1Nc2N1UlVZU3pBSXdBS0dfeEVfc0JzLUQwSk1VVk02dzVOakhDbUJYbHpLaGMza25PUnA3bmY4Zm01SVlDWGdVSTR2MVM1OTIybC1jX1ZXb1V6WkFxTUVJVENhNG1Xc2x0VGZ5UTFhejlnc0V1WHFLQ04zWDNHd042eWdOOFZCbG5R?oc=5\" target=\"_blank\" rel=\"nofollow noopener\">Samara Felippo desenterra 1\u00ba contrato com a Globo e exp\u00f5e sal\u00e1rio<\/a>&nbsp;&nbsp;NaTelinha<\/li>\n<li><a href=\"https:\/\/news.google.com\/rss\/articles\/CBMi5gFBVV95cUxQZl9KUW9LanZJX2FSVUVXSkozWUVXbXdkYUhYS2dKOFp3UUpHME9zQnlBRDZPSWRQVXdQWHhYcHpLS2NfVmFmbzd3WU4yY2pqTVN1RWptNEhfUk1KeS1sdFNXbWs1Qjl1UzRud3hNaUxSUzNZQkE3NFhVdmVwbXNKcGZZNGJURzU2enM0cHd6Rnd0UXlxVnQtRUotNEo1T3V1OG5wdGFSWXhiQ2JraEZMZVRBVVdKNlZwaG9lOTJfUjhuVUtSQ0RGNjBEMEdHT2pQY2hzbUhsQU5RbWxMMGQxcnhGSm1HUQ?oc=5\" target=\"_blank\" rel=\"nofollow noopener\">Samara Felippo encontra primeiro contrato com TV Globo e revela sal\u00e1rio<\/a>&nbsp;&nbsp;revistaquem.globo.com<\/li>\n<li><a href=\"https:\/\/news.google.com\/rss\/articles\/CBMi9gFBVV95cUxPMW1MTnZ1RHc3Y0NSNlp6ZVduS1lsY1Z3cHVqX0xJa1hvRi1RSGtTTGxVdW9qaC1qY1g0V04tOHRVNmlmU3RWb2lWS1NyRUZCck5HekhncXpQMkNLck5oR3dQVTYxYUdXMUIzbDh1QWdZZDhZQ0IyTklzRXMxdGxJbFRyLVdaZzM3NzJTRHZGQ3IxdmJGX3FlU1Z6U28zTFdWdFFvOEt5MkQ0SEc2bGNmLUxTdFMxOVd4TnZwZ29UN3ZSV0VWYm5NRjdud0pBeFNCQ3FSOHlBdWxtRUNnOC0takxxOXk3elpxTDFzYnBKeURUdFVQanc?oc=5\" target=\"_blank\" rel=\"nofollow noopener\">MIS\u00c9RIA? Samara Felippo revela valor do primeiro sal\u00e1rio na Globo; saiba quanto<\/a>&nbsp;&nbsp;Terra<\/li>\n<li><a href=\"https:\/\/news.google.com\/rss\/articles\/CBMid0FVX3lxTE02bUp4dmdHNjBTTE5XTG5HNXhtcUJXT29mM2l1bFpUeHRxVWxTdGxjdnJTcExsNGw5RWNWRGU5TmV1ajBQOVRpLXBxLU9qUmdRcGRYUUpLbzBrUFh5WEk2dW5RWE9jbUlXTXg1VGtzdVE3bmVzTDFz?oc=5\" target=\"_blank\" rel=\"nofollow noopener\">Samara Felippo mostra primeiro cach\u00ea na Globo equivalente a 12,5 sal\u00e1rios m\u00ednimos<\/a>&nbsp;&nbsp;Isto\u00c9<\/li>\n<\/ol>\n","protected":false},"excerpt":{"rendered":"Quanto valeriam hoje R$ 1,5 mil, valor do primeiro contrato de Samara Felippo com a Globo?&nbsp;&nbsp;Terra Samara Felippo&hellip;\n","protected":false},"author":2,"featured_media":225042,"comment_status":"","ping_status":"","sticky":false,"template":"","format":"standard","meta":{"footnotes":""},"categories":[145],"tags":[211,210,114,115,32,33],"class_list":{"0":"post-231956","1":"post","2":"type-post","3":"status-publish","4":"format-standard","5":"has-post-thumbnail","7":"category-celebridades","8":"tag-celebridades","9":"tag-celebrities","10":"tag-entertainment","11":"tag-entretenimento","12":"tag-portugal","13":"tag-pt"},"share_on_mastodon":{"url":"https:\/\/pubeurope.com\/@pt\/115906707610451233","error":""},"_links":{"self":[{"href":"https:\/\/www.europesays.com\/pt\/wp-json\/wp\/v2\/posts\/231956","targetHints":{"allow":["GET"]}}],"collection":[{"href":"https:\/\/www.europesays.com\/pt\/wp-json\/wp\/v2\/posts"}],"about":[{"href":"https:\/\/www.europesays.com\/pt\/wp-json\/wp\/v2\/types\/post"}],"author":[{"embeddable":true,"href":"https:\/\/www.europesays.com\/pt\/wp-json\/wp\/v2\/users\/2"}],"replies":[{"embeddable":true,"href":"https:\/\/www.europesays.com\/pt\/wp-json\/wp\/v2\/comments?post=231956"}],"version-history":[{"count":0,"href":"https:\/\/www.europesays.com\/pt\/wp-json\/wp\/v2\/posts\/231956\/revisions"}],"wp:featuredmedia":[{"embeddable":true,"href":"https:\/\/www.europesays.com\/pt\/wp-json\/wp\/v2\/media\/225042"}],"wp:attachment":[{"href":"https:\/\/www.europesays.com\/pt\/wp-json\/wp\/v2\/media?parent=231956"}],"wp:term":[{"taxonomy":"category","embeddable":true,"href":"https:\/\/www.europesays.com\/pt\/wp-json\/wp\/v2\/categories?post=231956"},{"taxonomy":"post_tag","embeddable":true,"href":"https:\/\/www.europesays.com\/pt\/wp-json\/wp\/v2\/tags?post=231956"}],"curies":[{"name":"wp","href":"https:\/\/api.w.org\/{rel}","templated":true}]}}