{"id":231957,"date":"2026-01-16T20:42:07","date_gmt":"2026-01-16T20:42:07","guid":{"rendered":"https:\/\/www.europesays.com\/pt\/231957\/"},"modified":"2026-01-16T20:42:07","modified_gmt":"2026-01-16T20:42:07","slug":"em-direto-sporting-casa-pia-renascenca","status":"publish","type":"post","link":"https:\/\/www.europesays.com\/pt\/231957\/","title":{"rendered":"Em direto. Sporting &#8211; Casa Pia &#8211; Renascen\u00e7a"},"content":{"rendered":"<ol>\n<li><a href=\"https:\/\/news.google.com\/rss\/articles\/CBMikwFBVV95cUxNZ3ZZZTJXNkVQSEN6VmZRNmNsaDRLUE5VdGVTRDJLclFjWjJPSEpqTk52UFJnbERSLTFSQzlFcHZDdDdjU0I1d0NPMnBuYWZzMXN5aEVqZkdGTHlMbS1SRzg1QlJtN25aTkJTRkhmcUNTemhKc1JHRTJoOU5wWTNYWjhqb1VtaDRRYTl1MFk5djdsZ1XSAZgBQVVfeXFMTklMcE1XVEN6YmhxQkJvYnl0endDVU5PVzBnMFRfQXREdlJEYlFGVVdOTGRaQ0lFaXpEOFNWWVZ0VUc2bEVUcGR2NEV5U3VzOGg1UHE4MUFqLWhXNFhiejJkZ19tOEdBUXd3b3MzcHYxUlZ4bHRhNVpYeG03a0R4bEhmdS1RMmNsMGdBRWIzdjBXN0VDUnNiS0c?oc=5\" target=\"_blank\" rel=\"nofollow noopener\">Em direto. Sporting &#8211; Casa Pia<\/a>&nbsp;&nbsp;Renascen\u00e7a<\/li>\n<li><a href=\"https:\/\/news.google.com\/rss\/articles\/CBMi3wFBVV95cUxPTmMzemdxMXF3RUQ2VENTN1gybDFlajI1SUhmS3lIWlI3RER1WTdtckpzdURiTTRkZFpvWTBVRVB0OW03YnVySWpNN05HazZxb0xramxLNEEzWHpNcE9ua2pzNEJlbVJVZUxhUlcyYVJjR2dIR2VyQVFHWHY5WTljalVnVWxDUVdOM1BLcHRGNDE4YjhHTXRBbkw4eGp2eU1ZWFFHbFJGVmRfYk5iSnpjeVEzOUN1TkFtbWJER3pGYXZtNHNrU1ZmNEowRjN2Z3NseXY2RnlLSkloYlZSODBN?oc=5\" target=\"_blank\" rel=\"nofollow noopener\">Dupla do pol\u00e9mico SC Braga-Benfica apita V. Guimar\u00e3es-FC Porto: os \u00e1rbitros da 18.\u00aa jornada da Liga<\/a>&nbsp;&nbsp;A Bola<\/li>\n<li><a href=\"https:\/\/news.google.com\/rss\/articles\/CBMitwFBVV95cUxNdVlWVnlHRGl6Wi1oSjJRVjduZU1WUGZ6a3dyMmxKMTNjUXlvWm13cW9Cb0ZFZEZqZVJVV2xLTnJJeG9xTy1LaE1fTVV6X29Nd0xlOUZwTjkzZUV1MzBtWjdHSVhlSVZmeU9DU21ZdVZwMUt6b1pTbDAtNGY5c08xX2J2MU5pT3R3Y0N5Mjhqd0tFRTNmc25MNFE5ejhyelB1SHdmTGZIR3g2NWhod0RQeU13ck95UjQ?oc=5\" target=\"_blank\" rel=\"nofollow noopener\">J\u00e1 s\u00e3o conhecidos os \u00e1rbitros da 18\u00aa jornada da Liga Portugal Betclic<\/a>&nbsp;&nbsp;SAPO<\/li>\n<li><a href=\"https:\/\/news.google.com\/rss\/articles\/CBMizwFBVV95cUxOVkRnYlExV21nRWhlYk5VZWh0bVdxZDd5OWJsT2Y2TGEtQ0N3Z3ZHcVNxbDZnZGxGTVdpQm9yMHlUc1lxRGhQSnU4TERvRzlRM21qTDFUTlZXYTFSQzVRRmwwYWUxQVpaQXlvbDRZcnI1SXhUei1ocUNGdENlQ1JTT2pNNU1zNE9ZWFVRR1J1VDBlRV9IdEtaREMtdVItRk03SFFUY0hfQTNXa0VfX2JuNXNlSTJHNEhTYjNUX2Y3R0hmMmlBeV84RFd4RU9EV0U?oc=5\" target=\"_blank\" rel=\"nofollow noopener\">Vit\u00f3ria e Moreirense j\u00e1 conhecem \u00e1rbitros para arranque da 2\u00aa volta<\/a>&nbsp;&nbsp;Guimar\u00e3es Digital<\/li>\n<li><a href=\"https:\/\/news.google.com\/rss\/articles\/CBMilAFBVV95cUxQb0VuTUhHNENvdVFJdnlzWHI2QVB4WktfZzhKQnF3NGdxTm1IMV9DSXdoRUxOSHRpbWw2ZGhsb2FEWkhQdG9jeExJV2drdkhBbHdWTEJmS0VLU0diQVBWQnpIQVZoTm91aXdHWmE1SG03ZEhVc1lPVjhUbkk3STRlaHM1bUlzdVRfZHJwYXQ4TlB3RmxW?oc=5\" target=\"_blank\" rel=\"nofollow noopener\">Not\u00edcias &#8211; Jo\u00e3o Gon\u00e7alves dirige o Vit\u00f3ria SC-FC Porto<\/a>&nbsp;&nbsp;FC Porto<\/li>\n<\/ol>\n","protected":false},"excerpt":{"rendered":"Em direto. Sporting &#8211; Casa Pia&nbsp;&nbsp;Renascen\u00e7a Dupla do pol\u00e9mico SC Braga-Benfica apita V. Guimar\u00e3es-FC Porto: os \u00e1rbitros da&hellip;\n","protected":false},"author":2,"featured_media":231958,"comment_status":"","ping_status":"","sticky":false,"template":"","format":"standard","meta":{"footnotes":""},"categories":[141],"tags":[114,115,149,150,32,33],"class_list":{"0":"post-231957","1":"post","2":"type-post","3":"status-publish","4":"format-standard","5":"has-post-thumbnail","7":"category-musica","8":"tag-entertainment","9":"tag-entretenimento","10":"tag-music","11":"tag-musica","12":"tag-portugal","13":"tag-pt"},"share_on_mastodon":{"url":"https:\/\/pubeurope.com\/@pt\/115906723390105859","error":""},"_links":{"self":[{"href":"https:\/\/www.europesays.com\/pt\/wp-json\/wp\/v2\/posts\/231957","targetHints":{"allow":["GET"]}}],"collection":[{"href":"https:\/\/www.europesays.com\/pt\/wp-json\/wp\/v2\/posts"}],"about":[{"href":"https:\/\/www.europesays.com\/pt\/wp-json\/wp\/v2\/types\/post"}],"author":[{"embeddable":true,"href":"https:\/\/www.europesays.com\/pt\/wp-json\/wp\/v2\/users\/2"}],"replies":[{"embeddable":true,"href":"https:\/\/www.europesays.com\/pt\/wp-json\/wp\/v2\/comments?post=231957"}],"version-history":[{"count":0,"href":"https:\/\/www.europesays.com\/pt\/wp-json\/wp\/v2\/posts\/231957\/revisions"}],"wp:featuredmedia":[{"embeddable":true,"href":"https:\/\/www.europesays.com\/pt\/wp-json\/wp\/v2\/media\/231958"}],"wp:attachment":[{"href":"https:\/\/www.europesays.com\/pt\/wp-json\/wp\/v2\/media?parent=231957"}],"wp:term":[{"taxonomy":"category","embeddable":true,"href":"https:\/\/www.europesays.com\/pt\/wp-json\/wp\/v2\/categories?post=231957"},{"taxonomy":"post_tag","embeddable":true,"href":"https:\/\/www.europesays.com\/pt\/wp-json\/wp\/v2\/tags?post=231957"}],"curies":[{"name":"wp","href":"https:\/\/api.w.org\/{rel}","templated":true}]}}