{"id":231959,"date":"2026-01-16T20:44:13","date_gmt":"2026-01-16T20:44:13","guid":{"rendered":"https:\/\/www.europesays.com\/pt\/231959\/"},"modified":"2026-01-16T20:44:13","modified_gmt":"2026-01-16T20:44:13","slug":"investimento-alto-do-benfica-mourinho-foi-campeao-europeu-no-fc-porto-com-jogadores-da-u-leiria-v-setubal-benfica","status":"publish","type":"post","link":"https:\/\/www.europesays.com\/pt\/231959\/","title":{"rendered":"\u00abInvestimento alto do Benfica? Mourinho foi campe\u00e3o europeu no FC Porto com jogadores da U. Leiria, V. Set\u00fabal&#8230;\u00bb &#8211; Benfica"},"content":{"rendered":"<p>                    12:48<\/p>\n<p>\u00c1guias mant\u00eam-se ativas neste mercado de transfer\u00eancias de inverno<\/p>\n<p>    &#13;<br \/>\n            &#13;<br \/>\n                &#13;<br \/>\n                    &#13;<br \/>\n                &#13;<br \/>\n                &#13;<br \/>\n            &#13;<\/p>\n<p class=\"\">&#13;<br \/>\n        A\u00a0desilus\u00e3o interna no Benfica com a elimina\u00e7\u00e3o da Ta\u00e7a de Portugal \u00e9 evidente, mas n\u00e3o mexe com o plano de se garantirem mais refor\u00e7os durante\u00a0o m\u00eas de janeiro. <b>Record <\/b>sabe que a SAD encarnada se mant\u00e9m ativa no mercado de transfer\u00eancias de maneira a oferecer a Jos\u00e9 Mourinho mais solu\u00e7\u00f5es, ciente de que Lopes Cabral, pese embora a polival\u00eancia,\u00a0n\u00e3o resolve todos os problemas. Mas \u00e9 esta a abordagem correta? H\u00e1 quem considere que a estrat\u00e9gia deve passar por\u00a0um investimento contido\u00a0e uma aposta no mercado nacional, al\u00e9m\u00a0do\u00a0dever de tirar proveito&#8230; de quem j\u00e1 est\u00e1 na equipa.\u00a0&#13;\n    <\/p>\n<p>                        Para ler TODOS OS ARTIGOS RECORD PREMIUM durante o dia 16.01.2026 insira o seu n\u00famero de telem\u00f3vel e clique em OK<\/p>\n<p>Consulte a aplica\u00e7\u00e3o MBway no seu telem\u00f3vel e aceite a transa\u00e7\u00e3o&#13;\n                    <\/p>\n<p>                        Os seus dados n\u00e3o ser\u00e3o guardados pelo Record<\/p>\n","protected":false},"excerpt":{"rendered":"12:48 \u00c1guias mant\u00eam-se ativas neste mercado de transfer\u00eancias de inverno &#13; &#13; &#13; &#13; &#13; &#13; &#13; &#13;&hellip;\n","protected":false},"author":2,"featured_media":231960,"comment_status":"","ping_status":"","sticky":false,"template":"","format":"standard","meta":{"footnotes":""},"categories":[87],"tags":[135,32,33,134],"class_list":{"0":"post-231959","1":"post","2":"type-post","3":"status-publish","4":"format-standard","5":"has-post-thumbnail","7":"category-desporto","8":"tag-desporto","9":"tag-portugal","10":"tag-pt","11":"tag-sports"},"share_on_mastodon":{"url":"https:\/\/pubeurope.com\/@pt\/115906731240252156","error":""},"_links":{"self":[{"href":"https:\/\/www.europesays.com\/pt\/wp-json\/wp\/v2\/posts\/231959","targetHints":{"allow":["GET"]}}],"collection":[{"href":"https:\/\/www.europesays.com\/pt\/wp-json\/wp\/v2\/posts"}],"about":[{"href":"https:\/\/www.europesays.com\/pt\/wp-json\/wp\/v2\/types\/post"}],"author":[{"embeddable":true,"href":"https:\/\/www.europesays.com\/pt\/wp-json\/wp\/v2\/users\/2"}],"replies":[{"embeddable":true,"href":"https:\/\/www.europesays.com\/pt\/wp-json\/wp\/v2\/comments?post=231959"}],"version-history":[{"count":0,"href":"https:\/\/www.europesays.com\/pt\/wp-json\/wp\/v2\/posts\/231959\/revisions"}],"wp:featuredmedia":[{"embeddable":true,"href":"https:\/\/www.europesays.com\/pt\/wp-json\/wp\/v2\/media\/231960"}],"wp:attachment":[{"href":"https:\/\/www.europesays.com\/pt\/wp-json\/wp\/v2\/media?parent=231959"}],"wp:term":[{"taxonomy":"category","embeddable":true,"href":"https:\/\/www.europesays.com\/pt\/wp-json\/wp\/v2\/categories?post=231959"},{"taxonomy":"post_tag","embeddable":true,"href":"https:\/\/www.europesays.com\/pt\/wp-json\/wp\/v2\/tags?post=231959"}],"curies":[{"name":"wp","href":"https:\/\/api.w.org\/{rel}","templated":true}]}}