{"id":231961,"date":"2026-01-16T20:45:07","date_gmt":"2026-01-16T20:45:07","guid":{"rendered":"https:\/\/www.europesays.com\/pt\/231961\/"},"modified":"2026-01-16T20:45:07","modified_gmt":"2026-01-16T20:45:07","slug":"prefeitura-reforca-a-importancia-da","status":"publish","type":"post","link":"https:\/\/www.europesays.com\/pt\/231961\/","title":{"rendered":"Prefeitura refor\u00e7a a import\u00e2ncia da&#8230;"},"content":{"rendered":"<p>                                            A Prefeitura de Divin\u00f3polis, por meio da Secretaria Municipal de Sa\u00fade (Semusa), avan\u00e7a na vacina\u00e7\u00e3o de gestantes contra o V\u00edrus Sincicial Respirat\u00f3rio (VSR), importante medida de preven\u00e7\u00e3o. At\u00e9 o momento, mais de 500 gestantes j\u00e1 foram vacinadas, fortalecendo a prote\u00e7\u00e3o de beb\u00eas nos primeiros meses de vida, per\u00edodo de maior vulnerabilidade \u00e0s formas graves das infec\u00e7\u00f5es respirat\u00f3rias.<\/p>\n<p>Em Divin\u00f3polis, segundo dados da Vigil\u00e2ncia Epidemiol\u00f3gica, no ano de 2025, foram registrados 156 casos da s\u00edndrome em moradores de Divin\u00f3polis. Desses, 16 evolu\u00edram para \u00f3bito, o que representa uma taxa de letalidade de 10,26%. A maioria dos pacientes apresentou evolu\u00e7\u00e3o favor\u00e1vel, com 128 pessoas recuperadas, equivalente a 85,33% dos casos.<\/p>\n<p>Na cidade, os dados apontam maior incid\u00eancia da SRAG em homens, que concentraram 87 casos, correspondendo a 55,77%, enquanto as mulheres somaram 69 registros, o equivalente a 44,23%. A an\u00e1lise por faixa et\u00e1ria revela que os extremos de idade s\u00e3o os mais afetados, com destaque para crian\u00e7as menores de 1 ano, que registraram 37 casos, e idosos entre 80 e 89 anos, com 29 ocorr\u00eancias.\u00a0<\/p>\n<p><strong>Vacina com foco nas gestantes<\/strong><\/p>\n<p>Em dezembro de 2025, o Minist\u00e9rio da Sa\u00fade iniciou a distribui\u00e7\u00e3o nacional da vacina contra o v\u00edrus sincicial respirat\u00f3rio (VSR) destinada a gestantes a partir da 28\u00aa semana com o objetivo de reduzir casos de bronquiolite em rec\u00e9m-nascidos. A m\u00e3e passa os anticorpos para o beb\u00ea ainda na gesta\u00e7\u00e3o e eles podem durar at\u00e9 dois anos, cobrindo a faixa et\u00e1ria mais vulner\u00e1vel a essas infec\u00e7\u00f5es.<\/p>\n<p>O v\u00edrus sincicial respirat\u00f3rio \u00e9 a principal causa de infec\u00e7\u00f5es do trato respirat\u00f3rio inferior em crian\u00e7as menores de dois anos, respons\u00e1vel por at\u00e9 75% dos casos de bronquiolite viral aguda e cerca de 40% das pneumonias nos per\u00edodos de maior circula\u00e7\u00e3o viral. A dose \u00e9 \u00fanica e pode ser aplicada a partir da 28\u00aa semana de gesta\u00e7\u00e3o, sem restri\u00e7\u00e3o de idade materna, sendo contraindicada apenas para gestantes com quadro febril ou hist\u00f3rico de alergia a componentes da f\u00f3rmula.\u00a0<\/p>\n<p>A vacina pode ser encontrada em todas as unidades de sa\u00fade, al\u00e9m do Vacim\u00f3vel e dos 10 programas Sa\u00fade na Hora. At\u00e9 o momento, 560 gestantes foram vacinadas no munic\u00edpio.<\/p>\n<p>A gest\u00e3o segue monitorando a situa\u00e7\u00e3o epidemiol\u00f3gica e intensificando as a\u00e7\u00f5es de preven\u00e7\u00e3o, com o objetivo de reduzir complica\u00e7\u00f5es, interna\u00e7\u00f5es e \u00f3bitos relacionados \u00e0s doen\u00e7as respirat\u00f3rias no munic\u00edpio.                                        <\/p>\n","protected":false},"excerpt":{"rendered":"A Prefeitura de Divin\u00f3polis, por meio da Secretaria Municipal de Sa\u00fade (Semusa), avan\u00e7a na vacina\u00e7\u00e3o de gestantes contra&hellip;\n","protected":false},"author":2,"featured_media":231962,"comment_status":"","ping_status":"","sticky":false,"template":"","format":"standard","meta":{"footnotes":""},"categories":[86],"tags":[116,32,33,117],"class_list":{"0":"post-231961","1":"post","2":"type-post","3":"status-publish","4":"format-standard","5":"has-post-thumbnail","7":"category-saude","8":"tag-health","9":"tag-portugal","10":"tag-pt","11":"tag-saude"},"share_on_mastodon":{"url":"https:\/\/pubeurope.com\/@pt\/115906735200400260","error":""},"_links":{"self":[{"href":"https:\/\/www.europesays.com\/pt\/wp-json\/wp\/v2\/posts\/231961","targetHints":{"allow":["GET"]}}],"collection":[{"href":"https:\/\/www.europesays.com\/pt\/wp-json\/wp\/v2\/posts"}],"about":[{"href":"https:\/\/www.europesays.com\/pt\/wp-json\/wp\/v2\/types\/post"}],"author":[{"embeddable":true,"href":"https:\/\/www.europesays.com\/pt\/wp-json\/wp\/v2\/users\/2"}],"replies":[{"embeddable":true,"href":"https:\/\/www.europesays.com\/pt\/wp-json\/wp\/v2\/comments?post=231961"}],"version-history":[{"count":0,"href":"https:\/\/www.europesays.com\/pt\/wp-json\/wp\/v2\/posts\/231961\/revisions"}],"wp:featuredmedia":[{"embeddable":true,"href":"https:\/\/www.europesays.com\/pt\/wp-json\/wp\/v2\/media\/231962"}],"wp:attachment":[{"href":"https:\/\/www.europesays.com\/pt\/wp-json\/wp\/v2\/media?parent=231961"}],"wp:term":[{"taxonomy":"category","embeddable":true,"href":"https:\/\/www.europesays.com\/pt\/wp-json\/wp\/v2\/categories?post=231961"},{"taxonomy":"post_tag","embeddable":true,"href":"https:\/\/www.europesays.com\/pt\/wp-json\/wp\/v2\/tags?post=231961"}],"curies":[{"name":"wp","href":"https:\/\/api.w.org\/{rel}","templated":true}]}}