{"id":231965,"date":"2026-01-16T20:48:07","date_gmt":"2026-01-16T20:48:07","guid":{"rendered":"https:\/\/www.europesays.com\/pt\/231965\/"},"modified":"2026-01-16T20:48:07","modified_gmt":"2026-01-16T20:48:07","slug":"polacos-compram-industria-de-felgueiras-que-fatura-66-milhoes-industria","status":"publish","type":"post","link":"https:\/\/www.europesays.com\/pt\/231965\/","title":{"rendered":"Polacos compram ind\u00fastria de Felgueiras que fatura 66 milh\u00f5es &#8211; Ind\u00fastria"},"content":{"rendered":"<p class=\"\">&#13;<br \/>\n        O grupo polaco Selena aterrou em Portugal em setembro de 2023, quando adquiriu a Imperalum, empresa sediada no Montijo que fabrica membranas betuminosas de impermeabiliza\u00e7\u00e3o e emuls\u00f5es betuminosas, e comercializa isolamentos ac\u00fasticos e t\u00e9rmicos.&#13;\n    <\/p>\n<p class=\"\">&#13;<br \/>\n        Entretanto, a fabricante polaca de produtos qu\u00edmicos para a constru\u00e7\u00e3o decidiu refor\u00e7ar a sua presen\u00e7a industrial no nosso pa\u00eds, tendo firmado a aquisi\u00e7\u00e3o do grupo IGM (Irm\u00e3os Guimar\u00e3es Martins), que tem sede em Felgueiras e fechou o exerc\u00edcio de 2024 com uma fatura\u00e7\u00e3o de 66,5 milh\u00f5es de euros.&#13;\n    <\/p>\n<p class=\"\">&#13;<br \/>\n        A opera\u00e7\u00e3o, que foi j\u00e1 notificada \u00e0 Autoridade da Concorr\u00eancia, consiste na aquisi\u00e7\u00e3o pela Selena de um grupo dedicado ao fabrico, transporte e venda de solu\u00e7\u00f5es isot\u00e9rmicas para coberturas e fachadas, nomeadamente pain\u00e9is isot\u00e9rmicos, perfis met\u00e1licos e respetivos acabamentos para a ind\u00fastria da constru\u00e7\u00e3o (residencial e industrial).&#13;\n    <\/p>\n<p class=\"\">&#13;<br \/>\n        \u201cA empresa pretende adquirir o grupo IGM, um fabricante portugu\u00eas de pain\u00e9is sandu\u00edche de alta qualidade, para entrar no mercado de produtos de isolamento t\u00e9rmico\u201d, l\u00ea-se num comunicado da Selena, publicado no seu site a 15 de dezembro passado.&#13;\n    <\/p>\n<p class=\"\">&#13;<br \/>\n        Nesse sentido, a Selena assinou um contrato de compra e venda de a\u00e7\u00f5es condicional para adquirir 100% das a\u00e7\u00f5es do grupo IGM, sujeito ao cumprimento de determinadas condi\u00e7\u00f5es precedentes, incluindo a obten\u00e7\u00e3o de luz verde do regulador portugu\u00eas da concorr\u00eancia e um resultado positivo de \u201cdue diligence\u201d.&#13;\n    <\/p>\n<p class=\"\">&#13;<br \/>\n        A aquisi\u00e7\u00e3o do grupo IGM ser\u00e1 efetuada por fases \u2013 \u201cna primeira etapa ir\u00e1 adquirir 66% das a\u00e7\u00f5es, na segunda etapa os restantes 34%\u201d, l\u00ea-se no mesmo documento.&#13;\n    <\/p>\n<p class=\"\">&#13;<br \/>\n        Sediado na cidade polaca de Wroclaw e cotado na bolsa de Vars\u00f3via, a capital do pa\u00eds, o grupo Selena emprega perto de duas mil pessoas e tem f\u00e1bricas na Pol\u00f3nia, China, Coreia do Sul, Cazaquist\u00e3o, Turquia, Rom\u00e9nia, It\u00e1lia, Espanha e em Portugal, onde, \u201cgra\u00e7as \u00e0s suas instala\u00e7\u00f5es pr\u00f3prias, a empresa alcan\u00e7ou uma quota de mercado superior a 10% no segmento dos pain\u00e9is sandu\u00edche\u201d, afian\u00e7a.&#13;\n    <\/p>\n<p class=\"\">&#13;<br \/>\n        Fabricante e distribuidor mundial de produtos qu\u00edmicos para a constru\u00e7\u00e3o, a oferta da Selena inclui espumas, vedantes, adesivos, produtos de impermeabiliza\u00e7\u00e3o, sistemas de isolamento t\u00e9rmico, fixa\u00e7\u00f5es e produtos complementares.&#13;\n    <\/p>\n<p class=\"\">&#13;<br \/>\n        \u00a0&#13;\n    <\/p>\n","protected":false},"excerpt":{"rendered":"&#13; O grupo polaco Selena aterrou em Portugal em setembro de 2023, quando adquiriu a Imperalum, empresa sediada&hellip;\n","protected":false},"author":2,"featured_media":231966,"comment_status":"","ping_status":"","sticky":false,"template":"","format":"standard","meta":{"footnotes":""},"categories":[83],"tags":[3272,88,89,90,13868,44350,16648,32,44348,33,44349],"class_list":{"0":"post-231965","1":"post","2":"type-post","3":"status-publish","4":"format-standard","5":"has-post-thumbnail","7":"category-empresas","8":"tag-acoes","9":"tag-business","10":"tag-economy","11":"tag-empresas","12":"tag-felgueiras","13":"tag-igm","14":"tag-milhoes","15":"tag-portugal","16":"tag-produtos-quimicos","17":"tag-pt","18":"tag-selena"},"share_on_mastodon":{"url":"https:\/\/pubeurope.com\/@pt\/115906747113806070","error":""},"_links":{"self":[{"href":"https:\/\/www.europesays.com\/pt\/wp-json\/wp\/v2\/posts\/231965","targetHints":{"allow":["GET"]}}],"collection":[{"href":"https:\/\/www.europesays.com\/pt\/wp-json\/wp\/v2\/posts"}],"about":[{"href":"https:\/\/www.europesays.com\/pt\/wp-json\/wp\/v2\/types\/post"}],"author":[{"embeddable":true,"href":"https:\/\/www.europesays.com\/pt\/wp-json\/wp\/v2\/users\/2"}],"replies":[{"embeddable":true,"href":"https:\/\/www.europesays.com\/pt\/wp-json\/wp\/v2\/comments?post=231965"}],"version-history":[{"count":0,"href":"https:\/\/www.europesays.com\/pt\/wp-json\/wp\/v2\/posts\/231965\/revisions"}],"wp:featuredmedia":[{"embeddable":true,"href":"https:\/\/www.europesays.com\/pt\/wp-json\/wp\/v2\/media\/231966"}],"wp:attachment":[{"href":"https:\/\/www.europesays.com\/pt\/wp-json\/wp\/v2\/media?parent=231965"}],"wp:term":[{"taxonomy":"category","embeddable":true,"href":"https:\/\/www.europesays.com\/pt\/wp-json\/wp\/v2\/categories?post=231965"},{"taxonomy":"post_tag","embeddable":true,"href":"https:\/\/www.europesays.com\/pt\/wp-json\/wp\/v2\/tags?post=231965"}],"curies":[{"name":"wp","href":"https:\/\/api.w.org\/{rel}","templated":true}]}}