{"id":231967,"date":"2026-01-16T20:49:10","date_gmt":"2026-01-16T20:49:10","guid":{"rendered":"https:\/\/www.europesays.com\/pt\/231967\/"},"modified":"2026-01-16T20:49:10","modified_gmt":"2026-01-16T20:49:10","slug":"eua-nao-atacam-o-irao-mas-aumentam-poderio-no-medio-oriente-observador","status":"publish","type":"post","link":"https:\/\/www.europesays.com\/pt\/231967\/","title":{"rendered":"EUA n\u00e3o atacam o Ir\u00e3o, mas aumentam poderio no M\u00e9dio Oriente \u2013 Observador"},"content":{"rendered":"<p>Foi uma \u201cnoite em claro\u201d para muitos diplomatas dos pa\u00edses do Golfo e em Israel. Na noite desta quarta-feira, o Ir\u00e3o fechou quase totalmente o seu espa\u00e7o a\u00e9reo, no que poderia ser um <strong>pren\u00fancio<\/strong> para um ataque norte-americano ao Ir\u00e3o. No entanto, ap\u00f3s movimenta\u00e7\u00f5es diplom\u00e1ticas nos bastidores, os Estados Unidos da Am\u00e9rica (EUA) n\u00e3o agiram militarmente contra territ\u00f3rio iraniano, ainda que o Presidente dos EUA, Donald Trump, tenha prometido aos manifestantes que a \u201cajuda estava a caminho\u201d.<\/p>\n<p>Um ataque poderia ter mesmo acontecido na noite desta quarta-feira. Mas Donald Trump ter\u00e1 sido persuadido a n\u00e3o atacar \u2014 pelo menos para j\u00e1 \u2014 o Ir\u00e3o. O principal objetivo dos ataques seria derrubar o regime liderado pelo ayatollah\u00a0Ali Khamenei. Uma ofensiva militar, segundo os aliados de Washington no M\u00e9dio Oriente e algumas conclus\u00f5es da equipa de conselheiros do Presidente norte-americano, <strong>poderia<\/strong> <strong>n\u00e3o<\/strong> <strong>ser eficaz<\/strong> para concretizar esse objetivo.<\/p>\n<p>Ar\u00e1bia Saudita, Egito, Om\u00e3, Qatar e Turquia. Estes cinco pa\u00edses ter\u00e3o sensibilizado a presid\u00eancia norte-americana para os riscos que acarretaria uma opera\u00e7\u00e3o militar no Ir\u00e3o, no que foi descrito como um \u201cesfor\u00e7o diplom\u00e1tico fren\u00e9tico e \u00e0 \u00faltima hora\u201d. <a href=\"https:\/\/english.alarabiya.net\/News\/saudi-arabia\/2026\/01\/15\/saudi-arabia-qatar-oman-convinced-trump-to-give-iran-a-chance-senior-saudi-official\" rel=\"nofollow noopener\" target=\"_blank\">Em declara\u00e7\u00f5es \u00e0 Agence France-Presse<\/a>, uma fonte saudita disse que conseguiram que Donald Trump desse \u201cmais uma chance ao Ir\u00e3o\u201d, para que Teer\u00e3o \u201cmostrasse boas inten\u00e7\u00f5es\u201d.<\/p>\n<p>\u201cFoi uma noite em claro. A comunica\u00e7\u00e3o ainda est\u00e1 em curso para consolidar a confian\u00e7a e o bom ambiente atual\u201d, referiu a mesma fonte da Ar\u00e1bia Saudita. Os pa\u00edses do Golfo temem uma eventual retalia\u00e7\u00e3o iraniana que atinja as bases norte-americanas no M\u00e9dio Oriente. Para al\u00e9m disso, receiam que o Ir\u00e3o caia numa guerra civil e que isso torne a situa\u00e7\u00e3o interna ainda mais complexa.<\/p>\n<p><strong>Israel tamb\u00e9m n\u00e3o querer\u00e1, para j\u00e1, que os Estados Unidos ataquem o principal rival geopol\u00edtico no M\u00e9dio Oriente.<\/strong> Segundo <a href=\"https:\/\/www.nytimes.com\/2026\/01\/15\/world\/middleeast\/israel-iran-protests-netanyahu.html\" rel=\"nofollow noopener\" target=\"_blank\">avan\u00e7ou<\/a> o New York Times, o primeiro-ministro israelita, Benjamin Netanyahu, falou com Donald Trump para adiar, pelo menos para j\u00e1, um ataque ao Ir\u00e3o.<\/p>\n<p>Ainda assim, a amea\u00e7a continua a pairar sobre o Ir\u00e3o. A porta-voz da Casa Branca, Karoline Leavitt, indicou esta quinta-feira que o Presidente e a sua equipa \u201ct\u00eam comunicado ao regime iraniano que, se a matan\u00e7a continuar, haver\u00e1 consequ\u00eancias\u201d.<\/p>\n<p>\u201cO Presidente recebeu uma mensagem [a garantir] que a matan\u00e7a e as execu\u00e7\u00f5es v\u00e3o parar\u201d, frisou, acrescentando que Donald Trump \u201centende que havia 800 execu\u00e7\u00f5es programadas [para esta quarta-feira] e que foram suspensas\u201d. A situa\u00e7\u00e3o continua a ser \u201cmonitorizada\u201d, advertiu a respons\u00e1vel da presid\u00eancia norte-americana, declarando: <strong>\u201cTodas as op\u00e7\u00f5es permanecem em cima da mesa\u201d. \u00a0\u00a0<\/strong><\/p>\n<p>A par da press\u00e3o diplom\u00e1tica, os conselheiros do Presidente norte-americano tamb\u00e9m entenderam que as condi\u00e7\u00f5es n\u00e3o eram as melhores para atacar j\u00e1 o Ir\u00e3o. Donald Trump tem um objetivo, <a href=\"https:\/\/www.nbcnews.com\/politics\/white-house\/thrump-want-military-action-iran-swift-decisive-sources-say-rcna254076\" rel=\"nofollow noopener\" target=\"_blank\">avan\u00e7ou<\/a> a NBC News: <strong>\u201cSe ele faz alguma coisa, ele quer que seja definitivo\u201d<\/strong>. Dito doutro modo, o l\u00edder dos EUA pretende uma a\u00e7\u00e3o eficaz e r\u00e1pida para derrubar o regime dos\u00a0ayatollahs \u2014\u00a0e n\u00e3o envolver o pa\u00eds numa guerra longa e sangrenta.<\/p>\n<p>Os conselheiros ter\u00e3o dito a Donald Trump que o regime n\u00e3o colapsaria facilmente se houvesse um ataque esta quarta-feira. <a href=\"https:\/\/www.wsj.com\/world\/middle-east\/ttrump-iran-military-resources-0ddf8de9?mod=hp_lead_pos1\" rel=\"nofollow noopener\" target=\"_blank\">De acordo com o Wall Street Journal<\/a>, haveria outro risco: que se iniciasse uma guerra regional. Para que isso n\u00e3o aconte\u00e7a, os Estados Unidos necessitam de <strong>aumentar as capacidades militares<\/strong> no M\u00e9dio Oriente, que sejam capazes de proteger tamb\u00e9m os aliados na regi\u00e3o.<\/p>\n<p>Ora, os Estados Unidos est\u00e3o precisamente a fazer isso. O porta-avi\u00f5es Abraham Lincoln dever\u00e1 ser transferido desde o Mar do Sul da China para o M\u00e9dio Oriente \u2014 e dever\u00e1 demorar uma semana para chegar \u00e0quela regi\u00e3o do mundo. A Fox News <a href=\"https:\/\/www.foxnews.com\/world\/us-sending-military-assets-middle-east-trump-weighs-iran-strike-sources-say\" rel=\"nofollow noopener\" target=\"_blank\">adiantou<\/a> tamb\u00e9m que os EUA v\u00e3o aumentar o poderio naval, terrestre e a\u00e9reo, de maneira a ter as condi\u00e7\u00f5es necess\u00e1rias para atacar eventualmente atacar o territ\u00f3rio iraniano.<\/p>\n<p>Uma fonte conhecedora do processo referiu ao canal de televis\u00e3o que a a\u00e7\u00e3o militar, a concretizar-se, \u201cser\u00e1 diferente e mais ofensiva\u201d. Est\u00e3o a ser desenhadas v\u00e1rias op\u00e7\u00f5es para eventualmente atacar o Ir\u00e3o. Tudo vai depender da maneira como o regime iraniano vai lidar com as manifesta\u00e7\u00f5es nas ruas nos pr\u00f3ximos tempos.<\/p>\n","protected":false},"excerpt":{"rendered":"Foi uma \u201cnoite em claro\u201d para muitos diplomatas dos pa\u00edses do Golfo e em Israel. Na noite desta&hellip;\n","protected":false},"author":2,"featured_media":231968,"comment_status":"","ping_status":"","sticky":false,"template":"","format":"standard","meta":{"footnotes":""},"categories":[50],"tags":[624,27,28,92,623,15,16,14,11208,25,26,21,22,310,62,12,13,19,20,4497,23,24,17,18,29,30,31,63,64,65],"class_list":{"0":"post-231967","1":"post","2":"type-post","3":"status-publish","4":"format-standard","5":"has-post-thumbnail","7":"category-mundo","8":"tag-amu00e9rica","9":"tag-breaking-news","10":"tag-breakingnews","11":"tag-donald-trump","12":"tag-estados-unidos-da-amu00e9rica","13":"tag-featured-news","14":"tag-featurednews","15":"tag-headlines","16":"tag-iru00e3o","17":"tag-latest-news","18":"tag-latestnews","19":"tag-main-news","20":"tag-mainnews","21":"tag-mu00e9dio-oriente","22":"tag-mundo","23":"tag-news","24":"tag-noticias","25":"tag-noticias-principais","26":"tag-noticiasprincipais","27":"tag-presidente-trump","28":"tag-principais-noticias","29":"tag-principaisnoticias","30":"tag-top-stories","31":"tag-topstories","32":"tag-ultimas","33":"tag-ultimas-noticias","34":"tag-ultimasnoticias","35":"tag-world","36":"tag-world-news","37":"tag-worldnews"},"share_on_mastodon":{"url":"","error":"Validation failed: Text character limit of 500 exceeded"},"_links":{"self":[{"href":"https:\/\/www.europesays.com\/pt\/wp-json\/wp\/v2\/posts\/231967","targetHints":{"allow":["GET"]}}],"collection":[{"href":"https:\/\/www.europesays.com\/pt\/wp-json\/wp\/v2\/posts"}],"about":[{"href":"https:\/\/www.europesays.com\/pt\/wp-json\/wp\/v2\/types\/post"}],"author":[{"embeddable":true,"href":"https:\/\/www.europesays.com\/pt\/wp-json\/wp\/v2\/users\/2"}],"replies":[{"embeddable":true,"href":"https:\/\/www.europesays.com\/pt\/wp-json\/wp\/v2\/comments?post=231967"}],"version-history":[{"count":0,"href":"https:\/\/www.europesays.com\/pt\/wp-json\/wp\/v2\/posts\/231967\/revisions"}],"wp:featuredmedia":[{"embeddable":true,"href":"https:\/\/www.europesays.com\/pt\/wp-json\/wp\/v2\/media\/231968"}],"wp:attachment":[{"href":"https:\/\/www.europesays.com\/pt\/wp-json\/wp\/v2\/media?parent=231967"}],"wp:term":[{"taxonomy":"category","embeddable":true,"href":"https:\/\/www.europesays.com\/pt\/wp-json\/wp\/v2\/categories?post=231967"},{"taxonomy":"post_tag","embeddable":true,"href":"https:\/\/www.europesays.com\/pt\/wp-json\/wp\/v2\/tags?post=231967"}],"curies":[{"name":"wp","href":"https:\/\/api.w.org\/{rel}","templated":true}]}}