{"id":231971,"date":"2026-01-16T20:51:15","date_gmt":"2026-01-16T20:51:15","guid":{"rendered":"https:\/\/www.europesays.com\/pt\/231971\/"},"modified":"2026-01-16T20:51:15","modified_gmt":"2026-01-16T20:51:15","slug":"tracking-poll-11-o-e-ultimo-dia-seguro-ventura-e-cotrim-fecham-campanha-ainda-mais-na-frente","status":"publish","type":"post","link":"https:\/\/www.europesays.com\/pt\/231971\/","title":{"rendered":"Tracking poll, 11.\u00ba e \u00daLTIMO DIA: Seguro, Ventura e Cotrim fecham campanha (ainda mais) na frente"},"content":{"rendered":"<p>\t                \u00daltima sondagem di\u00e1ria refor\u00e7ada: 1200 entrevistas e margem de erro m\u00e1xima de 2,89%. Veja aqui os resultados para cada candidato, os seus m\u00ednimo e m\u00e1ximo, quem os portugueses pensam que vencer\u00e1, e quem \u00e9 mais forte entre homens e mulheres, jovens e mais velhos, classes altas e baixas e por regi\u00e3o<\/p>\n<p>A campanha para as elei\u00e7\u00f5es presidenciais fecha com tr\u00eas candidatos em empate t\u00e9cnico nos dois lugares que poder\u00e3o passar a uma prov\u00e1vel segunda volta: <strong>Ant\u00f3nio Jos\u00e9 Seguro<\/strong> lidera com 25,1% (mais 0,9 pontos percentuais que na v\u00e9spera), seguido de <strong>Andr\u00e9 Ventura <\/strong>com 23% (mais 0,1 pontos percentuais) e de Jo\u00e3o Cotrim de Figueiredo com 22,3% (mais 1,2 pontos percentuais). Estes valores s\u00e3o calculados ap\u00f3s distribui\u00e7\u00e3o de indecisos.<\/p>\n<p>Note-se que estes \u00faltimos resultados da\u00a0sondagem di\u00e1ria da Pitag\u00f3rica para a CNN Portugal, TVI, JN e TSF mostram uma subida de Cotrim de Figueiredo depois de conhecida uma acusa\u00e7\u00e3o de ass\u00e9dio sexual. As entrevistas, que foram refor\u00e7adas nos \u00faltimos dias (ver ficha t\u00e9cnica em baixo), n\u00e3o espelham ainda assim nem a rea\u00e7\u00e3o de Cotrim na quinta-feira ao fim da tarde contra os jornalistas, nem as suas controversas declara\u00e7\u00f5es noturnas sobre a interrup\u00e7\u00e3o volunt\u00e1ria da gravidez.<\/p>\n<p>Os resultados mostram n\u00e3o s\u00f3 o favoritismo dos tr\u00eas candidatos, como uma concentra\u00e7\u00e3o de votos que os &#8220;separou&#8221; de <strong>Henrique Gouveia e Melo<\/strong>, que acaba com 11,6% (depois de uma queda 1,8 pontos percentuais no \u00faltimo dia), e de <strong>Lu\u00eds Marques Mendes<\/strong>, que fecha a tracking poll com 11,5% (menos 1,1 pontos percentuais do que na v\u00e9spera.<\/p>\n<p><img loading=\"lazy\" decoding=\"async\" alt=\"\" height=\"301\" src=\"https:\/\/www.europesays.com\/pt\/wp-content\/uploads\/2026\/01\/696a9960d34e0ec52ec24927.webp\" width=\"600\"\/><\/p>\n<p><img loading=\"lazy\" decoding=\"async\" alt=\"\" height=\"303\" src=\"https:\/\/www.europesays.com\/pt\/wp-content\/uploads\/2026\/01\/696a9961d34e92a3449794a9.webp\" width=\"600\"\/><\/p>\n<p>O gr\u00e1fico seguinte mostra bem a evolu\u00e7\u00e3o das inten\u00e7\u00f5es de voto ao longo da campanha eleitoral, e como Seguro, Ventura e Cotrim foram subindo, Gouveia e Melo e Mendes descendo, e o pelot\u00e3o do fundo nunca teve grandes varia\u00e7\u00f5es.<\/p>\n<p>Menos 10% de indecisos <\/p>\n<p>Os resultados mostram que o n\u00famero de indecisos se foi reduzindo ao longo da tracking poll, terminando nos 9,6%:<\/p>\n<p>Note-se que o n\u00famero de indecisos n\u00e3o inclui eventuais eleitores que, j\u00e1 tendo tomado uma decis\u00e3o, poder\u00e3o ainda alter\u00e1-la. Para isso, os dados sobre a din\u00e2mica de vit\u00f3ria ajudam a complementar a informa\u00e7\u00e3o dispon\u00edvel.<\/p>\n<p>E os favoritos s\u00e3o&#8230; <\/p>\n<p>&#8220;Independentemente da sua inten\u00e7\u00e3o de voto&#8221;, quem pensa que pode ficar em primeiro e em segundo lugar nesta primeira vota? A resposta a esta quest\u00e3o resulta na chamada &#8220;Din\u00e2mica de Vit\u00f3ria&#8221;, que termina a campanha sob a lideran\u00e7a de Ant\u00f3nio Jos\u00e9 Seguro (29%) e de Andr\u00e9 Ventura (25%). J\u00e1 Cotrim de Figueiredo, que est\u00e1 colado a Ventura nas inten\u00e7\u00f5es de voto, fica descolado quanto \u00e0 percep\u00e7\u00e3o de que pode passar \u00e0 segunda volta, com apenas 13% de respostas.<\/p>\n<p>O gr\u00e1fico seguinte mostra a evolu\u00e7\u00e3o desta din\u00e2mica ao longo da campanha: Marques Mendes caiu a pique, da lideran\u00e7a a 5 de janeiro para quarto lugar\u00a0a 16 de janeiro; Ventura termina como come\u00e7ou, em segundo; Seguro disparou de quarto para primeiro lugar; Gouveia e Melo come\u00e7ou em quarto e acabou em quinto; Cotrim subiu de quinto para terceiro:<\/p>\n<p>Intervalos de vota\u00e7\u00e3o <\/p>\n<p>Uma an\u00e1lise mais fina da tracking permite ainda observar os intervalos de cada candidato. Com uma margem de erro m\u00e1xima de 2,89%, o empate a t\u00e9cnico no topo limita-se a tr\u00eas, quando come\u00e7ara por ser a cinco no in\u00edcio da campanha eleitoral:<\/p>\n<p><img loading=\"lazy\" decoding=\"async\" alt=\"\" height=\"365\" src=\"https:\/\/www.europesays.com\/pt\/wp-content\/uploads\/2026\/01\/696a8c96d34e0ec52ec248bf.webp\" width=\"480\"\/><\/p>\n<p>Ventura e Cotrim com mais voto masculino, Seguro com mais feminino <\/p>\n<p>A tracking poll permite ainda analisar os perfis de voto dos candidatos. Se s\u00f3 os homens votassem, Ventura e Cotrim passariam \u00e0 segunda volta. J\u00e1 Seguro lidera destacado o voto feminino:<\/p>\n<p><img loading=\"lazy\" decoding=\"async\" alt=\"\" height=\"310\" src=\"https:\/\/www.europesays.com\/pt\/wp-content\/uploads\/2026\/01\/696a8d3cd34e92a344979446.webp\" width=\"600\"\/><\/p>\n<p>Cotrim cilindra at\u00e9 aos 34, Ventura ganha da\u00ed at\u00e9 aos 54, Seguro n\u00e3o d\u00e1 hip\u00f3tese acima dos 55 anos <\/p>\n<p>Jo\u00e3o Cotrim de Figueiredo \u00e9, entre os que t\u00eam mais inten\u00e7\u00f5es de voto, o candidato que mais depende dos jovens. Dos 18 aos 34 anos lidera com quase 35% dos votos, mas nos eleitores acima dos 55 anos ficaria em quinto lugar, com menos de 12%. J\u00e1 Seguro ganha nos mais velhos e fica em segundo nos eleitores entre os 35 e os 54 anos, idades em que Ventura lidera:<\/p>\n<p><img loading=\"lazy\" decoding=\"async\" alt=\"\" height=\"269\" src=\"https:\/\/www.europesays.com\/pt\/wp-content\/uploads\/2026\/01\/696a8e69d34e92a34497944c.webp\" width=\"600\"\/><\/p>\n<p>Ventura forte nas classes mais baixas, Seguro na classe m\u00e9dia, Cotrim nas classes altas <\/p>\n<p>Na an\u00e1lise por classes sociais, Seguro \u00e9 o mais equilibrado dos tr\u00eas da frente. J\u00e1 Cotrim ganha nas classes mais altas e Ventura nas classes mais baixas:<\/p>\n<p><img loading=\"lazy\" decoding=\"async\" alt=\"\" height=\"299\" src=\"https:\/\/www.europesays.com\/pt\/wp-content\/uploads\/2026\/01\/696a8fdfd34e0ec52ec248d2.webp\" width=\"600\"\/><\/p>\n<p>Seguro l\u00edder no Centro e Norte do pa\u00eds, Cotrim forte em Lisboa, Ventura no Sul <\/p>\n<p><img loading=\"lazy\" decoding=\"async\" alt=\"\" height=\"304\" src=\"https:\/\/www.europesays.com\/pt\/wp-content\/uploads\/2026\/01\/696a9a1dd34e92a3449794b0.webp\" width=\"600\"\/><\/p>\n<p>Seguro e Cotrim &#8220;pescam&#8221; votos na AD <\/p>\n<p>Quando se cruza as inten\u00e7\u00f5es de voto para as presidenciais com o voto nas \u00faltimas elei\u00e7\u00f5es legislativas, percebe-se que quem votou AD se dispersa por v\u00e1rias candidaturas e n\u00e3o se concentra em Marques Mendes, candidato que tem o apoio dos partidos da coliga\u00e7\u00e3o que governa Portugal. Se 27,6% de quem votou AD tenciona votar agora Mendes, 24,4% tenciona depositar o voto em Cotrim, 14,7% encaminha-se para votar Seguro e outro tanto em Gouveia e Melo.<\/p>\n<p>J\u00e1 Seguro ret\u00e9m 54,2% dos eleitores do PS e Ventura &#8220;repete&#8221; 82,1% dos votos no Chega nas \u00faltimas elei\u00e7\u00f5es.<\/p>\n<p><img loading=\"lazy\" decoding=\"async\" alt=\"\" height=\"351\" src=\"https:\/\/www.europesays.com\/pt\/wp-content\/uploads\/2026\/01\/696a9ae9d34e0ec52ec2492f.webp\" width=\"600\"\/><br \/>\nFicha t\u00e9cnica <\/p>\n<p>Considerando a aproxima\u00e7\u00e3o do final da campanha e as acusa\u00e7\u00f5es divulgadas na segunda-feira dirigidas ao candidato Cotrim de Figueiredo, foi decidido um aumento do n\u00famero de entrevistas di\u00e1rias. Assim, a partir de 13 de janeiro (inclusive), o tamanho da amostra di\u00e1ria passou a ser de 350 entrevistas e no \u00faltimo dia de campo de 500 entrevistas. A amostra de hoje \u00e9 de 1200 entrevistas recolhidas nos seguintes dias e com as seguintes propor\u00e7\u00f5es:<\/p>\n<p>\u2022 13 de janeiro: 350 entrevistas.<\/p>\n<p>\u2022 14 de janeiro: 350 entrevistas.<\/p>\n<p>\u2022 15 de janeiro: 500 entrevistas;<\/p>\n<p>Foram tidos como crit\u00e9rios amostrais o G\u00e9nero, 3 cortes et\u00e1rios e 20 cortes geogr\u00e1ficos (Distritos + Madeira e A\u00e7ores). O resultado do apuramento dos 3 \u00faltimos dias de trabalho de campo, resultou numa amostra de 1200 entrevistas que para um grau de confian\u00e7a de 95,5% corresponde a uma margem de erro m\u00e1xima de \u00b12,89%.<\/p>\n<p>A sele\u00e7\u00e3o dos entrevistados foi realizada atrav\u00e9s de gera\u00e7\u00e3o aleat\u00f3ria de n\u00fameros de \u201ctelem\u00f3vel\u201d mantendo a propor\u00e7\u00e3o dos 3 principais operadores m\u00f3veis. Sempre que necess\u00e1rio foram selecionados aleatoriamente n\u00fameros fixos para apoiar o cumprimento do plano amostral. As entrevistas s\u00e3o recolhidas atrav\u00e9s de entrevista telef\u00f3nica (CATI \u2013 Computer Assisted Telephone Interviewing). O estudo tem como objetivo avaliar a opini\u00e3o dos eleitores portugueses, sobre temas relacionados com as elei\u00e7\u00f5es Presidenciais, nomeadamente os principais protagonistas, os momentos da campanha bem como a inten\u00e7\u00e3o de voto dos v\u00e1rios candidatos.<\/p>\n<p>Foram realizadas 2459 tentativas de contacto, para alcan\u00e7armos 1200 entrevistas efetivas, pelo que a taxa de resposta foi de 48,80%.<\/p>\n<p>A distribui\u00e7\u00e3o de indecisos \u00e9 feita de forma proporcional.<\/p>\n<p>A dire\u00e7\u00e3o t\u00e9cnica do estudo \u00e9 da responsabilidade de Rita Marques da Silva. A ficha t\u00e9cnica completa, bem como todos os resultados, foram depositados junto da ERC &#8211; Entidade Reguladora da Comunica\u00e7\u00e3o Social que os disponibilizar\u00e1 para consulta online.<\/p>\n","protected":false},"excerpt":{"rendered":"\u00daltima sondagem di\u00e1ria refor\u00e7ada: 1200 entrevistas e margem de erro m\u00e1xima de 2,89%. Veja aqui os resultados para&hellip;\n","protected":false},"author":2,"featured_media":231972,"comment_status":"","ping_status":"","sticky":false,"template":"","format":"standard","meta":{"footnotes":""},"categories":[8],"tags":[609,836,3386,17462,3399,611,27,28,21811,607,608,333,832,30646,604,135,610,476,15,16,301,830,14,9705,28245,603,25,26,570,21,22,831,833,24788,62,834,12,13,19,20,835,602,52,32,5215,23,24,33,4862,43024,44352,33370,17,18,44016,44017,29,30,31],"class_list":{"0":"post-231971","1":"post","2":"type-post","3":"status-publish","4":"format-standard","5":"has-post-thumbnail","7":"category-principais-noticias","8":"tag-alerta","9":"tag-analise","10":"tag-andre-ventura","11":"tag-antonio-filipe","12":"tag-antonio-jose-seguro","13":"tag-ao-minuto","14":"tag-breaking-news","15":"tag-breakingnews","16":"tag-catarina-martins","17":"tag-cnn","18":"tag-cnn-portugal","19":"tag-comentadores","20":"tag-costa","21":"tag-cotrim-de-figueiredo","22":"tag-crime","23":"tag-desporto","24":"tag-direto","25":"tag-economia","26":"tag-featured-news","27":"tag-featurednews","28":"tag-governo","29":"tag-guerra","30":"tag-headlines","31":"tag-henrique-gouveia-e-melo","32":"tag-jorge-pinto","33":"tag-justica","34":"tag-latest-news","35":"tag-latestnews","36":"tag-live","37":"tag-main-news","38":"tag-mainnews","39":"tag-mais-vistas","40":"tag-marcelo","41":"tag-marques-mendes","42":"tag-mundo","43":"tag-negocios","44":"tag-news","45":"tag-noticias","46":"tag-noticias-principais","47":"tag-noticiasprincipais","48":"tag-opiniao","49":"tag-pais","50":"tag-politica","51":"tag-portugal","52":"tag-presidenciais","53":"tag-principais-noticias","54":"tag-principaisnoticias","55":"tag-pt","56":"tag-sondagem","57":"tag-sondagem-diaria","58":"tag-sondagem-pitagorica","59":"tag-sondagem-tvi-cnn-portugal","60":"tag-top-stories","61":"tag-topstories","62":"tag-tracking-poll","63":"tag-tracking-poll-2026","64":"tag-ultimas","65":"tag-ultimas-noticias","66":"tag-ultimasnoticias"},"share_on_mastodon":{"url":"","error":"Validation failed: Text character limit of 500 exceeded"},"_links":{"self":[{"href":"https:\/\/www.europesays.com\/pt\/wp-json\/wp\/v2\/posts\/231971","targetHints":{"allow":["GET"]}}],"collection":[{"href":"https:\/\/www.europesays.com\/pt\/wp-json\/wp\/v2\/posts"}],"about":[{"href":"https:\/\/www.europesays.com\/pt\/wp-json\/wp\/v2\/types\/post"}],"author":[{"embeddable":true,"href":"https:\/\/www.europesays.com\/pt\/wp-json\/wp\/v2\/users\/2"}],"replies":[{"embeddable":true,"href":"https:\/\/www.europesays.com\/pt\/wp-json\/wp\/v2\/comments?post=231971"}],"version-history":[{"count":0,"href":"https:\/\/www.europesays.com\/pt\/wp-json\/wp\/v2\/posts\/231971\/revisions"}],"wp:featuredmedia":[{"embeddable":true,"href":"https:\/\/www.europesays.com\/pt\/wp-json\/wp\/v2\/media\/231972"}],"wp:attachment":[{"href":"https:\/\/www.europesays.com\/pt\/wp-json\/wp\/v2\/media?parent=231971"}],"wp:term":[{"taxonomy":"category","embeddable":true,"href":"https:\/\/www.europesays.com\/pt\/wp-json\/wp\/v2\/categories?post=231971"},{"taxonomy":"post_tag","embeddable":true,"href":"https:\/\/www.europesays.com\/pt\/wp-json\/wp\/v2\/tags?post=231971"}],"curies":[{"name":"wp","href":"https:\/\/api.w.org\/{rel}","templated":true}]}}