{"id":231975,"date":"2026-01-16T20:57:23","date_gmt":"2026-01-16T20:57:23","guid":{"rendered":"https:\/\/www.europesays.com\/pt\/231975\/"},"modified":"2026-01-16T20:57:23","modified_gmt":"2026-01-16T20:57:23","slug":"guerreiras-do-k-pop-conheca-a-inspiracao-da-musica-golden","status":"publish","type":"post","link":"https:\/\/www.europesays.com\/pt\/231975\/","title":{"rendered":"&#8216;Guerreiras do K-pop&#8217;: conhe\u00e7a a inspira\u00e7\u00e3o da m\u00fasica &#8216;Golden&#8217;"},"content":{"rendered":"<p>  <img fetchpriority=\"high\" width=\"1024\" height=\"538\" src=\"https:\/\/www.europesays.com\/pt\/wp-content\/uploads\/2026\/01\/guerreiras-do-k-pop-3-1024x538.jpg\" class=\"attachment-large size-large wp-post-image\" alt=\"'Guerreiras do K-pop'\" style=\"height:auto;width:100%;\" decoding=\"async\"   title=\"'Guerreiras do K-pop': conhe\u00e7a a inspira\u00e7\u00e3o da m\u00fasica 'Golden' 1\"\/><\/p>\n<p class=\"wp-caption-text\" style=\"font-size: 10px;color: #666666;margin-top: 6px;border-bottom: 1px solid #e3e3e3;padding-bottom: 6px;\">&#8216;Guerreiras do K-pop&#8217; (Netflix)<\/p>\n<p>Vencedora do <a href=\"https:\/\/billboard.com.br\/premiacoes\/globo-de-ouro\/\" data-internallinksmanager029f6b8e52c=\"211\" title=\"Globo de Ouro\" rel=\"nofollow noopener\" target=\"_blank\">Globo de Ouro<\/a> de Melhor Can\u00e7\u00e3o Original, \u201cGolden\u201d \u00e9 uma das m\u00fasicas mais comentadas do ano e gera curiosidade sobre a sua origem. Em entrevista recente para o \u201cThe New York Time\u201d os criadores da anima\u00e7\u00e3o \u201c<a href=\"https:\/\/billboard.com.br\/?s=guerreiras+do+K-pop\" target=\"_blank\" rel=\"noopener nofollow\"><strong>Guerreiras do K-pop<\/strong><\/a>\u201d revelaram que a m\u00fasica de maior sucesso do filme foi inspirada em <strong>Eminem<\/strong>, <strong><a href=\"https:\/\/billboard.com.br\/artistas\/drake\/\" data-internallinksmanager029f6b8e52c=\"18\" title=\"Drake\" rel=\"nofollow noopener\" target=\"_blank\">Drake<\/a><\/strong> e <strong>Lil<\/strong> <strong>Wayne<\/strong>.<\/p>\n<p>A m\u00fasica contribui para que o filme se tornasse o mais assistido de todos os tempos na Netflix. \u201cGolden\u201d alcan\u00e7ou o primeiro lugar nas paradas do Reino Unido e dos Estados Unidos.<\/p>\n<p>A hist\u00f3ria de \u201cGuerreiras do K-pop\u201d fala de\u00a0um grupo feminino, HUTR\/X, que leva uma vida dupla como ca\u00e7adoras de dem\u00f4nios e enfrenta uma banda rival (e dem\u00f4nios secretos), os Saja Boys.<\/p>\n<p class=\"p1\">\ud83d\udcf2 <a href=\"https:\/\/www.whatsapp.com\/channel\/0029ValKuvo4dTnMRyrLrD0W\" target=\"_blank\" rel=\"noopener nofollow\"><b>K-POP NO WHATSAPP: Participe do canal da Billboard Brasil para not\u00edcias e entrevistas exclusivas!<\/b><b\/><\/a><\/p>\n<p>Como foi composta \u201cGolden\u201d, hit de Guerreiras do K-pop<\/p>\n<p>Na entrevista para o \u201cThe New York Times\u201d, v\u00e1rios membros da equipe criativa explicaram o processo de cria\u00e7\u00e3o do sucesso mundial.<\/p>\n<blockquote>\n<p>A diretora <strong>Maggie Kang<\/strong> comentou: \u201cO conceito \u00e9 t\u00e3o maluco que as m\u00fasicas tinham que ser fant\u00e1sticas para serem aceitas. E era importante para n\u00f3s que as m\u00fasicas servissem \u00e0 hist\u00f3ria, mas que tamb\u00e9m pudessem, como can\u00e7\u00f5es pop independentes, figurar nas paradas da Billboard.\u201d<\/p>\n<\/blockquote>\n<p><img loading=\"lazy\" decoding=\"async\" class=\"size-full wp-image-166934\" src=\"data:image\/svg+xml,%3Csvg%20xmlns=\" http:=\"\" alt=\"'Guerreiras do K-pop'\" width=\"1200\" height=\"630\" title=\"'Guerreiras do K-pop': conhe\u00e7a a inspira\u00e7\u00e3o da m\u00fasica 'Golden' 2\" data-lazy- data-lazy- data-lazy-src=\"https:\/\/www.europesays.com\/pt\/wp-content\/uploads\/2026\/01\/guerreiras-do-k-pop.jpg\"\/>\u2018Guerreiras do K-pop\u2019 (Netflix)<\/p>\n<p>Seu codiretor, <strong>Chris Appelhans<\/strong>, tamb\u00e9m explicou as inspira\u00e7\u00f5es para criar a m\u00fasica de sucesso.<\/p>\n<blockquote>\n<p>\u201c\u2019Golden\u2019, nossas refer\u00eancias foram uma m\u00fasica do <strong>Biggie<\/strong> chamada \u2018Juicy\u2019. Tamb\u00e9m havia <strong><a href=\"https:\/\/billboard.com.br\/artistas\/drake\/\" data-internallinksmanager029f6b8e52c=\"18\" title=\"Drake\" rel=\"nofollow noopener\" target=\"_blank\">Drake<\/a><\/strong>, <strong>Eminem<\/strong>, <strong>Lil Wayne<\/strong>. Eram m\u00fasicas sobre come\u00e7ar do nada e se encontrar atrav\u00e9s da m\u00fasica.\u201d<\/p>\n<\/blockquote>\n<p>Ou\u00e7a \u201cJuicy\u201d, uma das refer\u00eancias para \u201cGolden\u201d<\/p>\n<p>Quando chegou a hora de gravar a m\u00fasica, eles sabiam que tinham um sucesso em m\u00e3os, mas a compositora EJAE, que tamb\u00e9m \u00e9 a voz cantada de Rumi, tinha uma ressalva.<\/p>\n<p>\u201cGravamos umas oito vers\u00f5es de \u2018Golden\u2019\u201d, disse Kang. \u201cA \u00faltima chegou quando eu estava em um carro em Vancouver a caminho do aeroporto. Ouvi as primeiras notas vibrantes e soube: era isso. Nem a letra ainda, s\u00f3 a m\u00fasica. Quando pedimos para a EJAE cantar o mais agudo que conseguisse, ela disse: \u2018Espero nunca ter que cantar isso\u2019.\u201d<\/p>\n<blockquote>\n<p>EJAE revelou um detalhe curioso: \u201cN\u00e3o \u00e9 um registro confort\u00e1vel para mim. Consigo alcan\u00e7ar as notas, obviamente. Mas seria imposs\u00edvel cantar ao vivo. N\u00e3o h\u00e1 espa\u00e7o para respirar \u2014 90% \u00e9 como se fosse a Rumi cantando. Isso \u00e9 totalmente irreal.\u201d<\/p>\n<\/blockquote>\n<p>Recentemente, Kang disse que \u201cGuerreiras do K-pop\u201d originalmente n\u00e3o tinha nada a ver com K-pop e que \u201co filme ganhou uma escala muito maior instantaneamente\u201d assim que o g\u00eanero foi introduzido.<\/p>\n<p>Ou\u00e7a a trilha sonora de \u2018Guerreiras do K-pop\u2019<\/p>\n","protected":false},"excerpt":{"rendered":"&#8216;Guerreiras do K-pop&#8217; (Netflix) Vencedora do Globo de Ouro de Melhor Can\u00e7\u00e3o Original, \u201cGolden\u201d \u00e9 uma das m\u00fasicas&hellip;\n","protected":false},"author":2,"featured_media":231976,"comment_status":"","ping_status":"","sticky":false,"template":"","format":"standard","meta":{"footnotes":""},"categories":[141],"tags":[114,115,149,150,32,33],"class_list":{"0":"post-231975","1":"post","2":"type-post","3":"status-publish","4":"format-standard","5":"has-post-thumbnail","7":"category-musica","8":"tag-entertainment","9":"tag-entretenimento","10":"tag-music","11":"tag-musica","12":"tag-portugal","13":"tag-pt"},"share_on_mastodon":{"url":"https:\/\/pubeurope.com\/@pt\/115906782498725876","error":""},"_links":{"self":[{"href":"https:\/\/www.europesays.com\/pt\/wp-json\/wp\/v2\/posts\/231975","targetHints":{"allow":["GET"]}}],"collection":[{"href":"https:\/\/www.europesays.com\/pt\/wp-json\/wp\/v2\/posts"}],"about":[{"href":"https:\/\/www.europesays.com\/pt\/wp-json\/wp\/v2\/types\/post"}],"author":[{"embeddable":true,"href":"https:\/\/www.europesays.com\/pt\/wp-json\/wp\/v2\/users\/2"}],"replies":[{"embeddable":true,"href":"https:\/\/www.europesays.com\/pt\/wp-json\/wp\/v2\/comments?post=231975"}],"version-history":[{"count":0,"href":"https:\/\/www.europesays.com\/pt\/wp-json\/wp\/v2\/posts\/231975\/revisions"}],"wp:featuredmedia":[{"embeddable":true,"href":"https:\/\/www.europesays.com\/pt\/wp-json\/wp\/v2\/media\/231976"}],"wp:attachment":[{"href":"https:\/\/www.europesays.com\/pt\/wp-json\/wp\/v2\/media?parent=231975"}],"wp:term":[{"taxonomy":"category","embeddable":true,"href":"https:\/\/www.europesays.com\/pt\/wp-json\/wp\/v2\/categories?post=231975"},{"taxonomy":"post_tag","embeddable":true,"href":"https:\/\/www.europesays.com\/pt\/wp-json\/wp\/v2\/tags?post=231975"}],"curies":[{"name":"wp","href":"https:\/\/api.w.org\/{rel}","templated":true}]}}