{"id":23198,"date":"2025-08-10T05:47:27","date_gmt":"2025-08-10T05:47:27","guid":{"rendered":"https:\/\/www.europesays.com\/pt\/23198\/"},"modified":"2025-08-10T05:47:27","modified_gmt":"2025-08-10T05:47:27","slug":"mudanca-inesperada-veja-o-novo-visual-desta-ex-concorrente-big-brother","status":"publish","type":"post","link":"https:\/\/www.europesays.com\/pt\/23198\/","title":{"rendered":"Mudan\u00e7a inesperada! Veja o novo visual desta ex-concorrente &#8211; Big Brother"},"content":{"rendered":"<p>Patr\u00edcia Carvalho, ex-concorrente da Casa dos Segredos, surpreendeu os f\u00e3s ao partilhar uma transforma\u00e7\u00e3o de visual nas redes sociais. A antiga participante do reality show apostou numa balayage que ilumina o rosto e confere um toque moderno ao cabelo. A mudan\u00e7a foi muito elogiada pelos seguidores, que destacaram o ar renovado e elegante da ex-concorrente.<\/p>\n","protected":false},"excerpt":{"rendered":"Patr\u00edcia Carvalho, ex-concorrente da Casa dos Segredos, surpreendeu os f\u00e3s ao partilhar uma transforma\u00e7\u00e3o de visual nas redes&hellip;\n","protected":false},"author":2,"featured_media":23199,"comment_status":"","ping_status":"","sticky":false,"template":"","format":"standard","meta":{"footnotes":""},"categories":[142],"tags":[331,48,329,333,328,335,336,114,115,334,332,330,13,8189,32,33,151,162,227],"class_list":{"0":"post-23198","1":"post","2":"type-post","3":"status-publish","4":"format-standard","5":"has-post-thumbnail","7":"category-tv","8":"tag-big","9":"tag-big-brother","10":"tag-claudio-ramos","11":"tag-comentadores","12":"tag-concorrentes","13":"tag-confrontos","14":"tag-discussoes","15":"tag-entertainment","16":"tag-entretenimento","17":"tag-exclusivos","18":"tag-expulso","19":"tag-gala","20":"tag-noticias","21":"tag-patricia-carvalho","22":"tag-portugal","23":"tag-pt","24":"tag-tv","25":"tag-tvi","26":"tag-videos"},"share_on_mastodon":{"url":"","error":""},"_links":{"self":[{"href":"https:\/\/www.europesays.com\/pt\/wp-json\/wp\/v2\/posts\/23198","targetHints":{"allow":["GET"]}}],"collection":[{"href":"https:\/\/www.europesays.com\/pt\/wp-json\/wp\/v2\/posts"}],"about":[{"href":"https:\/\/www.europesays.com\/pt\/wp-json\/wp\/v2\/types\/post"}],"author":[{"embeddable":true,"href":"https:\/\/www.europesays.com\/pt\/wp-json\/wp\/v2\/users\/2"}],"replies":[{"embeddable":true,"href":"https:\/\/www.europesays.com\/pt\/wp-json\/wp\/v2\/comments?post=23198"}],"version-history":[{"count":0,"href":"https:\/\/www.europesays.com\/pt\/wp-json\/wp\/v2\/posts\/23198\/revisions"}],"wp:featuredmedia":[{"embeddable":true,"href":"https:\/\/www.europesays.com\/pt\/wp-json\/wp\/v2\/media\/23199"}],"wp:attachment":[{"href":"https:\/\/www.europesays.com\/pt\/wp-json\/wp\/v2\/media?parent=23198"}],"wp:term":[{"taxonomy":"category","embeddable":true,"href":"https:\/\/www.europesays.com\/pt\/wp-json\/wp\/v2\/categories?post=23198"},{"taxonomy":"post_tag","embeddable":true,"href":"https:\/\/www.europesays.com\/pt\/wp-json\/wp\/v2\/tags?post=23198"}],"curies":[{"name":"wp","href":"https:\/\/api.w.org\/{rel}","templated":true}]}}