{"id":231987,"date":"2026-01-16T21:06:13","date_gmt":"2026-01-16T21:06:13","guid":{"rendered":"https:\/\/www.europesays.com\/pt\/231987\/"},"modified":"2026-01-16T21:06:13","modified_gmt":"2026-01-16T21:06:13","slug":"slimani-fez-revelacao-caricata-sobre-a-passagem-pelo-sporting","status":"publish","type":"post","link":"https:\/\/www.europesays.com\/pt\/231987\/","title":{"rendered":"Slimani fez revela\u00e7\u00e3o caricata sobre a passagem pelo Sporting"},"content":{"rendered":"<p>Islam Slimani, avan\u00e7ado que jogou no <a target=\"_blank\" class=\"editor-link autolink-enabled\" href=\"https:\/\/www.abola.pt\/futebol\/sporting-448\" data-resource-id=\"448\" data-resource-type=\"team\" data-sport=\"football\" rel=\"nofollow noopener\">Sporting<\/a> entre 2013 e 2016 e ainda na \u00e9poca 2021\/2022, recordou passagem por Alvalade com um epis\u00f3dio caricato, em entrevista divulgada pelo jornalista Colin Dicanot, atrav\u00e9s de um canal no YouTube, quando questionado como foi a adapta\u00e7\u00e3o \u00e0 Europa.<\/p>\n<p>\u00abTinha fome quando cheguei ao Sporting. A minha vida era a seguinte: ia aos treinos, voltava para casa e comia uma pizza, das congeladas, margueritta. Juro que \u00e9 verdade. Pizza congelada ao meio-dia e tamb\u00e9m comia noodles, daqueles que v\u00eam num pacote e metes a ferver. Comia isso todos os dias, mais atum e margarina&#8230; Fazia uma sesta, \u00e0 tarde bebia um caf\u00e9 e o que n\u00e3o tinha comido de ao almo\u00e7o, comia \u00e0 noite ou no dia seguinte. Fiz isso durante um ano. N\u00e3o fui uma vez a um restaurante. Juro e n\u00e3o sabia cozinhar [risos]\u00bb, contou o avan\u00e7ado. <\/p>\n<p>E completou: \u00abSabes o pior? \u00c9 que davam almo\u00e7o na Academia, mas eu n\u00e3o sabia. Estava t\u00e3o focado que nem sabia e ia logo para casa.\u00a0E ningu\u00e9m me perguntava porque \u00e9 que n\u00e3o ia comer!\u00bb <\/p>\n<p>O argelino n\u00e3o escondeu que teve dificuldades na adapta\u00e7\u00e3o, destacando que Adrien Silva era com quem mais falava, em franc\u00eas: \u00abVim da Arg\u00e9lia, chego a Portugal, n\u00e3o falo portugu\u00eas nem ingl\u00eas, falo um pouco de franc\u00eas e \u00e1rabe. Falava muito com o Adrien Silva, que \u00e9 franc\u00eas, mas ele tinha a sua pr\u00f3pria vida. Esforcei-me e todos, mas mesmo todos os dias aprendia uma palavra em portugu\u00eas. No primeiro m\u00eas n\u00e3o joguei porque a minha carta de dispensa ainda n\u00e3o tinha chegado, pensei: o que \u00e9 que eu fiz? Foi duro&#8230;\u00bb  <\/p>\n<p>            <img decoding=\"async\" src=\"https:\/\/www.europesays.com\/pt\/wp-content\/uploads\/2026\/01\/4cdad29a-893f-4711-a3a0-0da8b72701b4.jpg\" alt=\"\" width=\"620\" class=\"w-full object-cover\"\/><\/p>\n<p>                    Adrien Silva e Slimani &#8211; Foto: A BOLA<\/p>\n","protected":false},"excerpt":{"rendered":"Islam Slimani, avan\u00e7ado que jogou no Sporting entre 2013 e 2016 e ainda na \u00e9poca 2021\/2022, recordou passagem&hellip;\n","protected":false},"author":2,"featured_media":231988,"comment_status":"","ping_status":"","sticky":false,"template":"","format":"standard","meta":{"footnotes":""},"categories":[8],"tags":[27,28,15,16,14,25,26,21,22,12,13,19,20,32,23,24,33,17,18,29,30,31],"class_list":{"0":"post-231987","1":"post","2":"type-post","3":"status-publish","4":"format-standard","5":"has-post-thumbnail","7":"category-principais-noticias","8":"tag-breaking-news","9":"tag-breakingnews","10":"tag-featured-news","11":"tag-featurednews","12":"tag-headlines","13":"tag-latest-news","14":"tag-latestnews","15":"tag-main-news","16":"tag-mainnews","17":"tag-news","18":"tag-noticias","19":"tag-noticias-principais","20":"tag-noticiasprincipais","21":"tag-portugal","22":"tag-principais-noticias","23":"tag-principaisnoticias","24":"tag-pt","25":"tag-top-stories","26":"tag-topstories","27":"tag-ultimas","28":"tag-ultimas-noticias","29":"tag-ultimasnoticias"},"share_on_mastodon":{"url":"https:\/\/pubeurope.com\/@pt\/115906817895836984","error":""},"_links":{"self":[{"href":"https:\/\/www.europesays.com\/pt\/wp-json\/wp\/v2\/posts\/231987","targetHints":{"allow":["GET"]}}],"collection":[{"href":"https:\/\/www.europesays.com\/pt\/wp-json\/wp\/v2\/posts"}],"about":[{"href":"https:\/\/www.europesays.com\/pt\/wp-json\/wp\/v2\/types\/post"}],"author":[{"embeddable":true,"href":"https:\/\/www.europesays.com\/pt\/wp-json\/wp\/v2\/users\/2"}],"replies":[{"embeddable":true,"href":"https:\/\/www.europesays.com\/pt\/wp-json\/wp\/v2\/comments?post=231987"}],"version-history":[{"count":0,"href":"https:\/\/www.europesays.com\/pt\/wp-json\/wp\/v2\/posts\/231987\/revisions"}],"wp:featuredmedia":[{"embeddable":true,"href":"https:\/\/www.europesays.com\/pt\/wp-json\/wp\/v2\/media\/231988"}],"wp:attachment":[{"href":"https:\/\/www.europesays.com\/pt\/wp-json\/wp\/v2\/media?parent=231987"}],"wp:term":[{"taxonomy":"category","embeddable":true,"href":"https:\/\/www.europesays.com\/pt\/wp-json\/wp\/v2\/categories?post=231987"},{"taxonomy":"post_tag","embeddable":true,"href":"https:\/\/www.europesays.com\/pt\/wp-json\/wp\/v2\/tags?post=231987"}],"curies":[{"name":"wp","href":"https:\/\/api.w.org\/{rel}","templated":true}]}}