{"id":231989,"date":"2026-01-16T21:07:10","date_gmt":"2026-01-16T21:07:10","guid":{"rendered":"https:\/\/www.europesays.com\/pt\/231989\/"},"modified":"2026-01-16T21:07:10","modified_gmt":"2026-01-16T21:07:10","slug":"quarto-branco-ultrapassa-80-horas-saiba-acontece-com-o-corpo-apos-dias-sem-banho","status":"publish","type":"post","link":"https:\/\/www.europesays.com\/pt\/231989\/","title":{"rendered":"Quarto Branco ultrapassa 80 horas; saiba acontece com o corpo ap\u00f3s dias sem banho"},"content":{"rendered":"<p>\n                        O Quarto Branco do BBB 26 j\u00e1 ultrapassa 80 horas e dermatologista explica riscos de infec\u00e7\u00f5es e impactos na pele causados pelo confinamento extremo\n                    <\/p>\n<p class=\"text\">Ap\u00f3s ultrapassarem a marca de 80 horas confinados em um ambiente restrito, sem acesso a chuveiro e utilizando macac\u00f5es, os sete participantes do Quarto Branco do BBB 26 receberam um al\u00edvio pontual na \u00faltima quarta-feira (14). Com o mau cheiro tornando-se t\u00f3pico de reclama\u00e7\u00e3o, a dire\u00e7\u00e3o do reality liberou len\u00e7os umedecidos para a higiene pessoal dos competidores.<\/p>\n<p><img loading=\"lazy\" decoding=\"async\" alt=\"Quanto tempo dura o Quarto Branco? Veja quem det\u00e9m o recorde de resist\u00eancia na hist\u00f3ria\" class=\"img-a74700ee9d2342a6c6bb330d59ef6ccch96kd7y4\" height=\"435\" src=\"https:\/\/www.europesays.com\/pt\/wp-content\/uploads\/2026\/01\/1469151666-contigo-7-3.jpg\"  title=\"Quanto tempo dura o Quarto Branco? Veja quem det\u00e9m o recorde de resist\u00eancia na hist\u00f3ria\" width=\"774\"\/><\/p>\n<p>Quanto tempo dura o Quarto Branco? Veja quem det\u00e9m o recorde de resist\u00eancia na hist\u00f3ria<\/p>\n<p>Foto: Reprodu\u00e7\u00e3o\/Globoplay \/ Contigo<\/p>\n<p class=\"text\">O apelo por limpeza foi liderado por <strong>Chaiany Andrade<\/strong>. A representante do Centro-Oeste foi direta ao solicitar ajuda \u00e0 equipe do programa: &#8220;Produ\u00e7\u00e3o, libera um lencinho umedecido. A gente est\u00e1 fedendo, p\u00f4. Por favor, um lencinho para limpar as partes \u00edntimas&#8221;, pediu a sister.<\/p>\n<p class=\"text\">Horas depois, os itens foram entregues com a recomenda\u00e7\u00e3o expl\u00edcita de que o uso fosse exclusivamente \u00edntimo. A restri\u00e7\u00e3o n\u00e3o impediu o bom humor de Rafaella, representante do Nordeste, que celebrou a chegada do material: &#8220;Obrigada, pra limpar o &#8216;xibiu&#8217;!&#8221;, brincou, provocando risos entre os confinados.<\/p>\n<p>O que acontece com o corpo ap\u00f3s 48 horas sem banho?<\/p>\n<p class=\"text\">A situa\u00e7\u00e3o extrema levanta uma d\u00favida comum: qual \u00e9 o limite do corpo humano sem higieniza\u00e7\u00e3o? Segundo o dermatologista Pedro Jord\u00e3o Caldas Ferreira, e divulgado pela Quem, a pele permanece ativa e acumulando res\u00edduos mesmo sem esfor\u00e7o f\u00edsico.<\/p>\n<p class=\"text\">&#8220;Em ambientes fechados, com ar-condicionado e roupas mais justas ou sint\u00e9ticas, h\u00e1 menor ventila\u00e7\u00e3o da pele, o que favorece altera\u00e7\u00f5es do pH, desequil\u00edbrio da microbiota e sensa\u00e7\u00e3o de oleosidade, coceira ou desconforto. \u00c1reas de dobra, como axilas, virilhas e atr\u00e1s dos joelhos, tendem a ser as mais afetadas&#8221;, explica o m\u00e9dico.<\/p>\n<p class=\"text\">Ap\u00f3s dois dias sem banho, a combina\u00e7\u00e3o de oleosidade natural, c\u00e9lulas mortas e microrganismos da flora cut\u00e2nea cria um cen\u00e1rio prop\u00edcio para complica\u00e7\u00f5es dermatol\u00f3gicas. Mesmo sem a transpira\u00e7\u00e3o excessiva de uma prova de resist\u00eancia, a falta de banho no confinamento do BBB gera riscos reais \u00e0 sa\u00fade. O especialista alerta que o suor n\u00e3o \u00e9 o \u00fanico vil\u00e3o.<\/p>\n<p class=\"text\">&#8220;O risco existe porque o suor n\u00e3o \u00e9 o \u00fanico fator envolvido. A pele produz oleosidade continuamente e abriga microrganismos que, em equil\u00edbrio, s\u00e3o ben\u00e9ficos, por\u00e9m quando a higiene \u00e9 limitada, esse equil\u00edbrio pode se perder, favorecendo dermatites de contato, infec\u00e7\u00f5es por fungos como o intertrigo e outras micoses ou por bact\u00e9rias como a foliculite, especialmente em pessoas com pele sens\u00edvel ou hist\u00f3rico de doen\u00e7as dermatol\u00f3gicas&#8221;, afirma o especialista.<\/p>\n<p>Existe um tempo limite para ficar sem banho?<\/p>\n<p class=\"text\">Embora o Quarto Branco do BBB 26 esteja testando limites in\u00e9ditos, o m\u00e9dico afirma que a medicina n\u00e3o estabelece um prazo universal de toler\u00e2ncia, j\u00e1 que cada organismo reage de forma distinta. &#8220;Isso varia muito conforme clima, tipo de pele, n\u00edvel de oleosidade, transpira\u00e7\u00e3o, rotina, uso de roupas fechadas e condi\u00e7\u00f5es do ambiente. Em climas quentes e \u00famidos, o risco aparece mais rapidamente. J\u00e1 em ambientes frios e secos, pode haver maior toler\u00e2ncia, embora isso n\u00e3o elimine a necessidade de higiene. O mais importante \u00e9 entender que o banho n\u00e3o \u00e9 apenas uma quest\u00e3o de h\u00e1bito social, mas de sa\u00fade da pele, devendo ser adaptado \u00e0 realidade de cada pessoa, sempre com produtos suaves e sem excessos&#8221;, finalizou o dermatologista.<\/p>\n<blockquote class=\"instagram-media\" data-instgrm-captioned=\"\" data-instgrm-permalink=\"https:\/\/www.instagram.com\/reel\/DTjAY6ykrBA\/?utm_source=ig_embed&amp;utm_campaign=loading\" data-instgrm-version=\"14\" style=\"background: #FFF; border: 0; border-radius: 3px; box-shadow: 0 0 1px 0 rgba(0,0,0,0.5),0 1px 10px 0 rgba(0,0,0,0.15); margin: 1px; max-width: 540px; min-width: 326px; padding: 0; width: calc(100% - 2px);\">\n<p>     Ver essa foto no Instagram <\/p>\n<p class=\"text\" style=\"color: #c9c8cd; font-family: Arial,sans-serif; font-size: 14px; line-height: 17px; margin-bottom: 0; margin-top: 8px; overflow: hidden; padding: 8px 0 7px; text-align: center; text-overflow: ellipsis; white-space: nowrap;\"><a href=\"https:\/\/www.instagram.com\/reel\/DTjAY6ykrBA\/?utm_source=ig_embed&amp;utm_campaign=loading\" rel=\"noopener nofollow\" style=\"color: #c9c8cd; font-family: Arial,sans-serif; font-size: 14px; font-style: normal; font-weight: normal; line-height: 17px; text-decoration: none;\" target=\"_blank\">Um post compartilhado por Big Brother Brasil (@bbb)<\/a><\/p>\n<\/blockquote>\n<p>                            <script async src=\"\/\/www.instagram.com\/embed.js\"><\/script><\/p>\n","protected":false},"excerpt":{"rendered":"O Quarto Branco do BBB 26 j\u00e1 ultrapassa 80 horas e dermatologista explica riscos de infec\u00e7\u00f5es e impactos&hellip;\n","protected":false},"author":2,"featured_media":231990,"comment_status":"","ping_status":"","sticky":false,"template":"","format":"standard","meta":{"footnotes":""},"categories":[145],"tags":[211,210,114,115,32,33],"class_list":{"0":"post-231989","1":"post","2":"type-post","3":"status-publish","4":"format-standard","5":"has-post-thumbnail","7":"category-celebridades","8":"tag-celebridades","9":"tag-celebrities","10":"tag-entertainment","11":"tag-entretenimento","12":"tag-portugal","13":"tag-pt"},"share_on_mastodon":{"url":"https:\/\/pubeurope.com\/@pt\/115906821681738620","error":""},"_links":{"self":[{"href":"https:\/\/www.europesays.com\/pt\/wp-json\/wp\/v2\/posts\/231989","targetHints":{"allow":["GET"]}}],"collection":[{"href":"https:\/\/www.europesays.com\/pt\/wp-json\/wp\/v2\/posts"}],"about":[{"href":"https:\/\/www.europesays.com\/pt\/wp-json\/wp\/v2\/types\/post"}],"author":[{"embeddable":true,"href":"https:\/\/www.europesays.com\/pt\/wp-json\/wp\/v2\/users\/2"}],"replies":[{"embeddable":true,"href":"https:\/\/www.europesays.com\/pt\/wp-json\/wp\/v2\/comments?post=231989"}],"version-history":[{"count":0,"href":"https:\/\/www.europesays.com\/pt\/wp-json\/wp\/v2\/posts\/231989\/revisions"}],"wp:featuredmedia":[{"embeddable":true,"href":"https:\/\/www.europesays.com\/pt\/wp-json\/wp\/v2\/media\/231990"}],"wp:attachment":[{"href":"https:\/\/www.europesays.com\/pt\/wp-json\/wp\/v2\/media?parent=231989"}],"wp:term":[{"taxonomy":"category","embeddable":true,"href":"https:\/\/www.europesays.com\/pt\/wp-json\/wp\/v2\/categories?post=231989"},{"taxonomy":"post_tag","embeddable":true,"href":"https:\/\/www.europesays.com\/pt\/wp-json\/wp\/v2\/tags?post=231989"}],"curies":[{"name":"wp","href":"https:\/\/api.w.org\/{rel}","templated":true}]}}