{"id":231991,"date":"2026-01-16T21:11:16","date_gmt":"2026-01-16T21:11:16","guid":{"rendered":"https:\/\/www.europesays.com\/pt\/231991\/"},"modified":"2026-01-16T21:11:16","modified_gmt":"2026-01-16T21:11:16","slug":"designer-portugues-e-o-responsavel-pela-capa-do-novo-album-de-harry-styles","status":"publish","type":"post","link":"https:\/\/www.europesays.com\/pt\/231991\/","title":{"rendered":"Designer portugu\u00eas \u00e9 o respons\u00e1vel pela capa do novo \u00e1lbum de Harry Styles"},"content":{"rendered":"<p class=\"category\"><a href=\"https:\/\/sicnoticias.pt\/cultura\" rel=\"nofollow noopener\" target=\"_blank\">Cultura<\/a><\/p>\n<p>O disco, que sucede ao t\u00e3o aclamado Harry&#8217;s House de 2022, conta com produ\u00e7\u00e3o de Kid Harpoon e capa do designer portugu\u00eas Br\u00e1ulio Amado. O nome do novo trabalho sugere uma fus\u00e3o entre pop e disco, mantendo a ousadia sonora caracter\u00edstica do artista brit\u00e2nico.<\/p>\n<p><img decoding=\"async\" src=\"https:\/\/www.europesays.com\/pt\/wp-content\/uploads\/2026\/01\/1768597876_20_original.webp\" alt=\"Designer portugu\u00eas \u00e9 o respons\u00e1vel pela capa do novo \u00e1lbum de Harry Styles\"\/><\/p>\n<p>Anthony Pham \/\/ Getty Images<\/p>\n<p><strong>Harry Styles est\u00e1 de regresso ao centro das aten\u00e7\u00f5es com o <\/strong><a href=\"https:\/\/sicnoticias.pt\/cultura\/2026-01-15-harry-styles-regressa-a-musica-com-novo-album-kiss-all-the-time--disco-occasionally--ja-tem-data-para-sair-41e7a0e4?utm_source=sicnot&amp;utm_medium=search&amp;utm_campaign=WEB&amp;utm_content=\/cultura\/2026-01-15-harry-styles-regressa-a-musica-com-novo-album-kiss-all-the-time--disco-occasionally--ja-tem-data-para-sair-41e7a0e4\" target=\"_blank\" rel=\"noopener noreferrer nofollow\"><strong>an\u00fancio de um novo \u00e1lbum<\/strong><\/a><strong>. Chama-se <\/strong><strong>Kiss All The Time. Disco Occasionally<\/strong><strong> e chega \u00e0s lojas e plataformas digitais a <\/strong><strong>6 de mar\u00e7o<\/strong><strong>, marcando o quarto cap\u00edtulo da sua carreira a solo e o primeiro desde <\/strong><strong>Harry\u2019s House<\/strong><strong> (2022).<\/strong><\/p>\n<p>O novo disco volta a confirmar a aten\u00e7\u00e3o do artista brit\u00e2nico ao detalhe visual. A capa \u00e9 <strong>assinada pelo designer portugu\u00eas <\/strong><strong>Br\u00e1ulio Amado<\/strong>, atualmente radicado nos Estados Unidos e <strong>respons\u00e1vel por trabalhos gr\u00e1ficos para nomes como<\/strong><strong> <\/strong><strong>Rolling Stones, <\/strong><strong>Frank Ocean e <\/strong><strong>R<\/strong><strong>ex Orange County<\/strong>.<\/p>\n<p>Produ\u00e7\u00e3o e identidade art\u00edstica<\/p>\n<p><strong>Produzido por <\/strong><strong>Kid Harpoon<\/strong>, colaborador habitual de Harry Styles, Kiss All The Time. Disco Occasionally sucede a Harry&#8217;s House, <strong>um \u00e1lbum que lhe valeu v\u00e1rios pr\u00e9mios, incluindo o <\/strong><strong>Grammy de \u00c1lbum do Ano<\/strong>.<\/p>\n<p>O pr\u00f3prio t\u00edtulo sugere uma abordagem onde o pop se cruza com o universo disco, sem abdicar de alguma ousadia sonora, um sinal de que Styles continua a <strong>testar novos caminhos criativos<\/strong>.<\/p>\n<p>Expectativa em alta<\/p>\n<p>Nos \u00faltimos tempos, o m\u00fasico brit\u00e2nico <strong>optou por um perfil mais reservado<\/strong>, repartindo o tempo <strong>e<\/strong><strong>ntre projetos pessoais e o cinema<\/strong>.<\/p>\n<p>Ainda assim, a <strong>m\u00e1quina de promo\u00e7\u00e3o come\u00e7ou a ganhar ritmo<\/strong> com a divulga\u00e7\u00e3o de uma <strong>grava\u00e7\u00e3o instrumental in\u00e9dita<\/strong> e <strong>mensagens diretas enviadas a f\u00e3s<\/strong>, estrat\u00e9gias que <strong>rapidamente alimentaram teorias e expectativas em torno do novo trabalho<\/strong>.<\/p>\n<p>Este lan\u00e7amento surge numa <strong>fase de plena maturidade art\u00edstica<\/strong>: <strong>tr\u00eas \u00e1lbuns de sucesso, digress\u00f5es esgotadas e um estatuto consolidado como uma das figuras mais influentes do pop contempor\u00e2neo<\/strong>.<\/p>\n<p>O que a\u00ed vem?<\/p>\n<p>Com o <strong>lan\u00e7amento do \u00e1lbum marcado para mar\u00e7o<\/strong>, \u00e9 expect\u00e1vel que nas pr\u00f3ximas semanas sejam <strong>revelados <\/strong><strong>singles<\/strong><strong>, poss\u00edveis datas de concertos e, quem sabe, uma nova tour internacional<\/strong>.<\/p>\n<p><strong>Apesar de n\u00e3o haver confirma\u00e7\u00e3o de uma nova digress\u00e3o mundial<\/strong>, circulam rumores de que o antigo membro dos One Direction <strong>poder\u00e1 estar em conversa\u00e7\u00f5es para uma <\/strong><strong>resid\u00eancia de concertos no <\/strong><strong>Madison Square Garden<\/strong><strong>, em Nova Iorque<\/strong>.<\/p>\n","protected":false},"excerpt":{"rendered":"Cultura O disco, que sucede ao t\u00e3o aclamado Harry&#8217;s House de 2022, conta com produ\u00e7\u00e3o de Kid Harpoon&hellip;\n","protected":false},"author":2,"featured_media":231992,"comment_status":"","ping_status":"","sticky":false,"template":"","format":"standard","meta":{"footnotes":""},"categories":[141],"tags":[114,115,149,150,32,33],"class_list":{"0":"post-231991","1":"post","2":"type-post","3":"status-publish","4":"format-standard","5":"has-post-thumbnail","7":"category-musica","8":"tag-entertainment","9":"tag-entretenimento","10":"tag-music","11":"tag-musica","12":"tag-portugal","13":"tag-pt"},"share_on_mastodon":{"url":"https:\/\/pubeurope.com\/@pt\/115906837545253590","error":""},"_links":{"self":[{"href":"https:\/\/www.europesays.com\/pt\/wp-json\/wp\/v2\/posts\/231991","targetHints":{"allow":["GET"]}}],"collection":[{"href":"https:\/\/www.europesays.com\/pt\/wp-json\/wp\/v2\/posts"}],"about":[{"href":"https:\/\/www.europesays.com\/pt\/wp-json\/wp\/v2\/types\/post"}],"author":[{"embeddable":true,"href":"https:\/\/www.europesays.com\/pt\/wp-json\/wp\/v2\/users\/2"}],"replies":[{"embeddable":true,"href":"https:\/\/www.europesays.com\/pt\/wp-json\/wp\/v2\/comments?post=231991"}],"version-history":[{"count":0,"href":"https:\/\/www.europesays.com\/pt\/wp-json\/wp\/v2\/posts\/231991\/revisions"}],"wp:featuredmedia":[{"embeddable":true,"href":"https:\/\/www.europesays.com\/pt\/wp-json\/wp\/v2\/media\/231992"}],"wp:attachment":[{"href":"https:\/\/www.europesays.com\/pt\/wp-json\/wp\/v2\/media?parent=231991"}],"wp:term":[{"taxonomy":"category","embeddable":true,"href":"https:\/\/www.europesays.com\/pt\/wp-json\/wp\/v2\/categories?post=231991"},{"taxonomy":"post_tag","embeddable":true,"href":"https:\/\/www.europesays.com\/pt\/wp-json\/wp\/v2\/tags?post=231991"}],"curies":[{"name":"wp","href":"https:\/\/api.w.org\/{rel}","templated":true}]}}