{"id":231993,"date":"2026-01-16T21:12:07","date_gmt":"2026-01-16T21:12:07","guid":{"rendered":"https:\/\/www.europesays.com\/pt\/231993\/"},"modified":"2026-01-16T21:12:07","modified_gmt":"2026-01-16T21:12:07","slug":"star-wars-dave-filoni-nao-aprovou-estilo-de-andor-diz-site","status":"publish","type":"post","link":"https:\/\/www.europesays.com\/pt\/231993\/","title":{"rendered":"Star Wars | Dave Filoni n\u00e3o aprovou estilo de Andor, diz site"},"content":{"rendered":"<p class=\"wp-block-yoast-seo-estimated-reading-time yoast-reading-time__wrapper\">Estimated reading time: 2 minutos<\/p>\n<p>Uma not\u00edcia pol\u00eamica pegou os f\u00e3s de <a href=\"https:\/\/ovicio.com.br\/tag\/star-wars\/\" rel=\"nofollow noopener\" target=\"_blank\">Star Wars<\/a> de surpresa. De acordo com fontes ouvidas pelo site <a href=\"https:\/\/www.thewrap.com\/industry-news\/business\/kathleen-kennedy-lucasfilm-legacy-analysis\/\" target=\"_blank\" rel=\"noreferrer noopener nofollow\">The Wrap<\/a>, <strong>Dave Filoni<\/strong>, o novo presidente e diretor criativo da <strong>Lucasfilm<\/strong>, n\u00e3o teria morrido de amores por <strong>Andor<\/strong>.<\/p>\n<p>Apesar de a produ\u00e7\u00e3o criada por <strong>Tony Gilroy<\/strong> ter sido aclamada pela cr\u00edtica e considerada por muitos como o melhor derivado da franquia no <strong>Disney+<\/strong>, trazendo um tom mais maduro e pol\u00edtico, o estilo parece n\u00e3o ter agradado o <strong>&#8220;pai&#8221;<\/strong> das anima\u00e7\u00f5es da saga.<\/p>\n<p>Filoni, que tem seu DNA criativo profundamente ligado a projetos como <strong>A Guerra dos Clones<\/strong>, <strong>The Mandalorian<\/strong>, <strong>O Livro de Boba Fett<\/strong> e <strong>Ahsoka<\/strong>, prefere uma abordagem mais aventuresca e m\u00edstica da For\u00e7a. Funcion\u00e1rios do est\u00fadio indicam que, mesmo com todo o prest\u00edgio que a s\u00e9rie trouxe, ela n\u00e3o recebeu o <strong>&#8220;selo de aprova\u00e7\u00e3o&#8221;<\/strong> pessoal dele.<\/p>\n<p>O que isso significa para o futuro? Sob a nova gest\u00e3o total de Filoni, a tend\u00eancia \u00e9 que a <strong>Lucasfilm<\/strong> foque mais em projetos que sigam a linha do <strong>&#8220;Mandoverse&#8221;<\/strong> e menos em experimentos densos e <strong>&#8220;p\u00e9s no ch\u00e3o&#8221;<\/strong> como a hist\u00f3ria de <strong>Cassian Andor<\/strong>.<\/p>\n<p>Vale lembrar que as duas temporadas completas de <strong>Andor<\/strong> j\u00e1 est\u00e3o dispon\u00edveis no cat\u00e1logo do <strong>Disney+<\/strong>.<\/p>\n<p>Leia tamb\u00e9m sobre Star Wars:<\/p>\n","protected":false},"excerpt":{"rendered":"Estimated reading time: 2 minutos Uma not\u00edcia pol\u00eamica pegou os f\u00e3s de Star Wars de surpresa. De acordo&hellip;\n","protected":false},"author":2,"featured_media":231994,"comment_status":"","ping_status":"","sticky":false,"template":"","format":"standard","meta":{"footnotes":""},"categories":[140],"tags":[7580,39046,114,115,147,148,15415,146,32,33,5418],"class_list":{"0":"post-231993","1":"post","2":"type-post","3":"status-publish","4":"format-standard","5":"has-post-thumbnail","7":"category-filmes","8":"tag-andor","9":"tag-dave-filoni","10":"tag-entertainment","11":"tag-entretenimento","12":"tag-film","13":"tag-filmes","14":"tag-lucasfilm","15":"tag-movies","16":"tag-portugal","17":"tag-pt","18":"tag-star-wars"},"share_on_mastodon":{"url":"https:\/\/pubeurope.com\/@pt\/115906841384073594","error":""},"_links":{"self":[{"href":"https:\/\/www.europesays.com\/pt\/wp-json\/wp\/v2\/posts\/231993","targetHints":{"allow":["GET"]}}],"collection":[{"href":"https:\/\/www.europesays.com\/pt\/wp-json\/wp\/v2\/posts"}],"about":[{"href":"https:\/\/www.europesays.com\/pt\/wp-json\/wp\/v2\/types\/post"}],"author":[{"embeddable":true,"href":"https:\/\/www.europesays.com\/pt\/wp-json\/wp\/v2\/users\/2"}],"replies":[{"embeddable":true,"href":"https:\/\/www.europesays.com\/pt\/wp-json\/wp\/v2\/comments?post=231993"}],"version-history":[{"count":0,"href":"https:\/\/www.europesays.com\/pt\/wp-json\/wp\/v2\/posts\/231993\/revisions"}],"wp:featuredmedia":[{"embeddable":true,"href":"https:\/\/www.europesays.com\/pt\/wp-json\/wp\/v2\/media\/231994"}],"wp:attachment":[{"href":"https:\/\/www.europesays.com\/pt\/wp-json\/wp\/v2\/media?parent=231993"}],"wp:term":[{"taxonomy":"category","embeddable":true,"href":"https:\/\/www.europesays.com\/pt\/wp-json\/wp\/v2\/categories?post=231993"},{"taxonomy":"post_tag","embeddable":true,"href":"https:\/\/www.europesays.com\/pt\/wp-json\/wp\/v2\/tags?post=231993"}],"curies":[{"name":"wp","href":"https:\/\/api.w.org\/{rel}","templated":true}]}}