{"id":231999,"date":"2026-01-16T21:18:15","date_gmt":"2026-01-16T21:18:15","guid":{"rendered":"https:\/\/www.europesays.com\/pt\/231999\/"},"modified":"2026-01-16T21:18:15","modified_gmt":"2026-01-16T21:18:15","slug":"von-der-leyen-pede-aprovacao-urgente-do-plano-portugues-para-5-8-mil-milhoes-em-emprestimos-para-defesa","status":"publish","type":"post","link":"https:\/\/www.europesays.com\/pt\/231999\/","title":{"rendered":"Von der Leyen pede aprova\u00e7\u00e3o &#8220;urgente&#8221; do plano portugu\u00eas para 5.8 mil milh\u00f5es em empr\u00e9stimos para defesa"},"content":{"rendered":"<p>A presidente da Comiss\u00e3o Europeia <a href=\"https:\/\/expresso.pt\/autores\/2024-12-06-ursula-von-der-leyen-90fbcb4b\" target=\"_blank\" rel=\"noopener noreferrer nofollow\">Ursula Von der Leyen<\/a> pediu esta quinta-feira a r\u00e1pida aprova\u00e7\u00e3o pelo Conselho da Uni\u00e3o Europeia (UE) do plano portugu\u00eas para empr\u00e9stimos de 5.8 mil milh\u00f5es de euros na defesa, ap\u00f3s o aval de Bruxelas.<\/p>\n<p>&#8220;Os planos de oito Estados-membros [o de Portugal e mais sete] foram ontem [quarta-feira] aprovados na reuni\u00e3o do col\u00e9gio de comiss\u00e1rios e <strong>agora \u00e9 urgente que o Conselho aprove esses planos para permitir a aloca\u00e7\u00e3o de verbas&#8221;<\/strong>, afirmou von der Leyen, em confer\u00eancia de imprensa na cidade cipriota de Limassol, no \u00e2mbito da viagem do col\u00e9gio de comiss\u00e1rios a <a href=\"https:\/\/expresso.pt\/geracao-e\/2025-11-12-se-nao-sabem-tirar-fotos-ou-fazer-videos-nao-deviam-estar-na-politica-como-fidias-usou-as-redes-sociais-para-ganhar-eleicoes-no-chipre-478f9a51\" target=\"_blank\" rel=\"noopener noreferrer nofollow\">Chipre<\/a>, <strong>que assume este semestre a presid\u00eancia do Conselho da Uni\u00e3o Europeia.<\/strong><\/p>\n<p>A Comiss\u00e3o Europeia aprovou, na quarta-feira, o plano para Portugal aceder a 5.8 mil milh\u00f5es de euros em empr\u00e9stimos a condi\u00e7\u00f5es favor\u00e1veis para <a href=\"https:\/\/expresso.pt\/politica\/defesa\/2025-12-11-investimentos-de-58-mil-milhoes-na-defesa-decididos-em-segredo-e-sem-concurso-4767800a\" target=\"_blank\" rel=\"noopener noreferrer nofollow\">investir em capacidades de defesa<\/a>, sendo este um dos oito pa\u00edses com aval preliminar (bem como Rom\u00e9nia, B\u00e9lgica, Bulg\u00e1ria, Chipre, Dinamarca, Espanha e Cro\u00e1cia) no \u00e2mbito do Instrumento de A\u00e7\u00e3o para a Seguran\u00e7a da Europa (SAFE).<\/p>\n<p>&#8220;No ano passado, ao n\u00edvel europeu, fizemos mais investimento em defesa do que nas d\u00e9cadas anteriores [&#8230;] e <strong>isso inclui os 150 mil milh\u00f5es de euros do programa SAFE&#8221;,<\/strong> adiantou Ursula von der Leyen.<\/p>\n<p style=\"text-align: left;\">No passado fim de semana, e em declara\u00e7\u00f5es a um pequeno grupo de jornalistas em Bruxelas incluindo a l\u00edder do executivo comunit\u00e1rio apontou que<strong> esta semana \u201cmetade dos planos\u201d seriam aprovados, <\/strong>depois de o SAFE ter sido proposto \u201ch\u00e1 menos de um ano\u201d.<\/p>\n<p style=\"text-align: left;\">Fontes europeias haviam especificado \u00e0 Lusa estar em causa o plano portugu\u00eas e outros sete.<\/p>\n<p style=\"text-align: left;\">O SAFE, que foi proposto em mar\u00e7o do ano passado pela Comiss\u00e3o Europeia, <strong>vai conceder at\u00e9 150 mil milh\u00f5es de euros em empr\u00e9stimos a longo prazo e a pre\u00e7os favor\u00e1veis aos Estados-membros da UE para investimentos em capacidades de defesa.<\/strong><\/p>\n<p style=\"text-align: left;\">Estes empr\u00e9stimos, que t\u00eam de ser executados at\u00e9 2030, v\u00e3o financiar esfor\u00e7os de aquisi\u00e7\u00e3o urgentes e em grande escala.<\/p>\n<p style=\"text-align: left;\">A Portugal foram destinados 5.8 mil milh\u00f5es de euros, aos quais o pa\u00eds concorreu em novembro passado com um plano para reequipar as for\u00e7as armadas.<\/p>\n<p style=\"text-align: left;\">Com a avalia\u00e7\u00e3o da Comiss\u00e3o Europeia agora conclu\u00edda, <strong>o Conselho da UE tem quatro semanas para adotar as decis\u00f5es de execu\u00e7\u00e3o<\/strong> e, uma vez aprovadas, o executivo comunit\u00e1rio finalizar\u00e1 os acordos de empr\u00e9stimo.<\/p>\n<p style=\"text-align: left;\">Os primeiros pagamentos est\u00e3o previstos para mar\u00e7o de 2026. <\/p>\n","protected":false},"excerpt":{"rendered":"A presidente da Comiss\u00e3o Europeia Ursula Von der Leyen pediu esta quinta-feira a r\u00e1pida aprova\u00e7\u00e3o pelo Conselho da&hellip;\n","protected":false},"author":2,"featured_media":232000,"comment_status":"","ping_status":"","sticky":false,"template":"","format":"standard","meta":{"footnotes":""},"categories":[50],"tags":[27,28,15,16,14,25,26,21,22,62,12,13,19,20,23,24,17,18,29,30,31,63,64,65],"class_list":{"0":"post-231999","1":"post","2":"type-post","3":"status-publish","4":"format-standard","5":"has-post-thumbnail","7":"category-mundo","8":"tag-breaking-news","9":"tag-breakingnews","10":"tag-featured-news","11":"tag-featurednews","12":"tag-headlines","13":"tag-latest-news","14":"tag-latestnews","15":"tag-main-news","16":"tag-mainnews","17":"tag-mundo","18":"tag-news","19":"tag-noticias","20":"tag-noticias-principais","21":"tag-noticiasprincipais","22":"tag-principais-noticias","23":"tag-principaisnoticias","24":"tag-top-stories","25":"tag-topstories","26":"tag-ultimas","27":"tag-ultimas-noticias","28":"tag-ultimasnoticias","29":"tag-world","30":"tag-world-news","31":"tag-worldnews"},"share_on_mastodon":{"url":"https:\/\/pubeurope.com\/@pt\/115906864992472910","error":""},"_links":{"self":[{"href":"https:\/\/www.europesays.com\/pt\/wp-json\/wp\/v2\/posts\/231999","targetHints":{"allow":["GET"]}}],"collection":[{"href":"https:\/\/www.europesays.com\/pt\/wp-json\/wp\/v2\/posts"}],"about":[{"href":"https:\/\/www.europesays.com\/pt\/wp-json\/wp\/v2\/types\/post"}],"author":[{"embeddable":true,"href":"https:\/\/www.europesays.com\/pt\/wp-json\/wp\/v2\/users\/2"}],"replies":[{"embeddable":true,"href":"https:\/\/www.europesays.com\/pt\/wp-json\/wp\/v2\/comments?post=231999"}],"version-history":[{"count":0,"href":"https:\/\/www.europesays.com\/pt\/wp-json\/wp\/v2\/posts\/231999\/revisions"}],"wp:featuredmedia":[{"embeddable":true,"href":"https:\/\/www.europesays.com\/pt\/wp-json\/wp\/v2\/media\/232000"}],"wp:attachment":[{"href":"https:\/\/www.europesays.com\/pt\/wp-json\/wp\/v2\/media?parent=231999"}],"wp:term":[{"taxonomy":"category","embeddable":true,"href":"https:\/\/www.europesays.com\/pt\/wp-json\/wp\/v2\/categories?post=231999"},{"taxonomy":"post_tag","embeddable":true,"href":"https:\/\/www.europesays.com\/pt\/wp-json\/wp\/v2\/tags?post=231999"}],"curies":[{"name":"wp","href":"https:\/\/api.w.org\/{rel}","templated":true}]}}