{"id":232009,"date":"2026-01-16T21:25:23","date_gmt":"2026-01-16T21:25:23","guid":{"rendered":"https:\/\/www.europesays.com\/pt\/232009\/"},"modified":"2026-01-16T21:25:23","modified_gmt":"2026-01-16T21:25:23","slug":"guerreiras-do-k-pop-2-tudo-o-que-sabemos-sobre-a-continuacao","status":"publish","type":"post","link":"https:\/\/www.europesays.com\/pt\/232009\/","title":{"rendered":"Guerreiras do K-Pop 2 | Tudo o que sabemos sobre a continua\u00e7\u00e3o"},"content":{"rendered":"<p dir=\"ltr\">Lan\u00e7ada no ano passado pela <strong>Netflix<\/strong>, a anima\u00e7\u00e3o <strong>Guerreiras do K-Pop<\/strong> converteu-se rapidamente no mais novo hit da cultura pop, al\u00e7ando-se inclusive \u00e0 posi\u00e7\u00e3o de longa-metragem mais visto em toda a hist\u00f3ria do servi\u00e7o de streaming.<\/p>\n<p dir=\"ltr\">Com um sucesso t\u00e3o grande, n\u00e3o \u00e9 de se estranhar que a plataforma tenha levado poucos meses para confirmar a produ\u00e7\u00e3o de uma segunda parte da hist\u00f3ria, que j\u00e1 est\u00e1 sendo desenhada para come\u00e7ar em breve a sair do papel.<\/p>\n<p>            Continua depois da Publicidade<\/p>\n<p dir=\"ltr\">De olho na expectativa dos f\u00e3s por essa nova aventura musical, preparamos este guia de informa\u00e7\u00f5es com tudo o que j\u00e1 se sabe, at\u00e9 o momento, sobre o aguardad\u00edssimo <strong>Guerreiras do K-Pop 2<\/strong>. Acompanhe:<\/p>\n<p>    <strong>A sequ\u00eancia de Guerreiras do K-Pop j\u00e1 \u00e9 uma certeza?<\/strong><\/p>\n<p>Sim. A revista Variety anunciou, no in\u00edcio de novembro, que a <a href=\"https:\/\/www.omelete.com.br\/filmes\/guerreiras-k-pop-2-netflix-2029\" rel=\"nofollow noopener\" target=\"_blank\">Netflix havia fechado acordo com a Sony<\/a> para uma continua\u00e7\u00e3o da saga.<strong>\u00a0<\/strong><\/p>\n<p dir=\"ltr\">Isso significa que a equipe envolvida certamente j\u00e1 est\u00e1 definindo os primeiros elementos centrais que compor\u00e3o, art\u00edstica e narrativamente, esta continua\u00e7\u00e3o da franquia.<\/p>\n<p>    <strong>Qual \u00e9 a sinopse de Guerreiras do K-Pop 2?<\/strong><\/p>\n<p>            Continua depois da Publicidade<\/p>\n<p dir=\"ltr\">Por enquanto, ainda n\u00e3o h\u00e1 qualquer detalhe sobre o enredo do filme vindouro. N\u00e3o se sabe nem mesmo se j\u00e1 existe uma sinopse definida \u2013 embora a esta altura do projeto, mais de dois meses ap\u00f3s o an\u00fancio da continua\u00e7\u00e3o, \u00e9 bem prov\u00e1vel poss\u00edvel que j\u00e1 tenha havido bons avan\u00e7os nesse sentido.<\/p>\n<p dir=\"ltr\">O que j\u00e1 \u00e9 praticamente uma certeza, por\u00e9m, \u00e9 que o novo Guerreiras do K-Pop manter\u00e1 seu foco narrativo nas <strong>Huntr\/x<\/strong>, girl band fict\u00edcia que \u00e9 o eixo central da trama do primeiro filme.<\/p>\n<p dir=\"ltr\">Essa seguran\u00e7a se refor\u00e7a especialmente ap\u00f3s as cantoras <strong>Ejae<\/strong>, <strong>Audrey Nuna<\/strong> e <strong>Rei Ami<\/strong> \u2013 que emprestam suas vozes \u00e0s m\u00fasicas do conjunto \u2013 terem dado a entender que j\u00e1 est\u00e3o envolvidas no projeto a segunda parte, durante a cerim\u00f4nia do \u00faltimo <strong>Globo de Ouro<\/strong>.<\/p>\n<p>    <strong>Quando estreia o novo Guerreiras do K-Pop?<\/strong><\/p>\n<p>            Continua depois da Publicidade<\/p>\n<p dir=\"ltr\">Ainda n\u00e3o h\u00e1 um an\u00fancio formal da Netflix sobre essa quest\u00e3o. A previs\u00e3o, por\u00e9m, \u00e9 que o filme s\u00f3 estreie em 2029 \u2013 sim, quatro anos ap\u00f3s o lan\u00e7amento do original!<\/p>\n<p dir=\"ltr\">Em entrevista recente ao Entertainment Tonight, as cantoras do Huntr\/x se posicionaram a respeito deste longo intervalo \u2013 que entendem como um \u201cmal necess\u00e1rio\u201d. \u201cA grandeza leva tempo&#8221;, argumentou Audrey Nuna na ocasi\u00e3o.<\/p>\n<p>            Continua depois da Publicidade<\/p>\n<p dir=\"ltr\">Elas lembraram, inclusive, que o filme original tamb\u00e9m demandou um tempo extenso de produ\u00e7\u00e3o. &#8220;Foram quase nove anos at\u00e9 que ele fosse lan\u00e7ado. Nove anos, n\u00e3o nove meses&#8221;, frisou Rei Ami.<\/p>\n<p>    <strong>Onde acontecer\u00e1 o lan\u00e7amento mundial de Guerreiras do K-Pop 2?<\/strong><\/p>\n<p dir=\"ltr\">Quanto a isso, nenhuma d\u00favida: a Netflix \u00e9 o destino certo e imodific\u00e1vel de Guerreiras do K-Pop 2, assim que ele estiver pronto para ser lan\u00e7ado. A plataforma de streaming, inclusive, est\u00e1 diretamente envolvida na produ\u00e7\u00e3o do projeto ao lado da Sony.<\/p>\n<p>            Continua depois da Publicidade<\/p>\n<p>N\u00e3o se descarta, entretanto, que a sequ\u00eancia possa ganhar um lan\u00e7amento limitado nos cinemas, sobretudo nos Estados Unidos \u2013 o que j\u00e1 ocorreu com o primeiro filme, que ganhou exibi\u00e7\u00e3o em salas selecionadas devido ao enorme \u00eaxito que estava tendo no digital. Resta aguardar.<\/p>\n","protected":false},"excerpt":{"rendered":"Lan\u00e7ada no ano passado pela Netflix, a anima\u00e7\u00e3o Guerreiras do K-Pop converteu-se rapidamente no mais novo hit da&hellip;\n","protected":false},"author":2,"featured_media":232010,"comment_status":"","ping_status":"","sticky":false,"template":"","format":"standard","meta":{"footnotes":""},"categories":[141],"tags":[114,115,149,150,32,33],"class_list":{"0":"post-232009","1":"post","2":"type-post","3":"status-publish","4":"format-standard","5":"has-post-thumbnail","7":"category-musica","8":"tag-entertainment","9":"tag-entretenimento","10":"tag-music","11":"tag-musica","12":"tag-portugal","13":"tag-pt"},"share_on_mastodon":{"url":"https:\/\/pubeurope.com\/@pt\/115906892525664003","error":""},"_links":{"self":[{"href":"https:\/\/www.europesays.com\/pt\/wp-json\/wp\/v2\/posts\/232009","targetHints":{"allow":["GET"]}}],"collection":[{"href":"https:\/\/www.europesays.com\/pt\/wp-json\/wp\/v2\/posts"}],"about":[{"href":"https:\/\/www.europesays.com\/pt\/wp-json\/wp\/v2\/types\/post"}],"author":[{"embeddable":true,"href":"https:\/\/www.europesays.com\/pt\/wp-json\/wp\/v2\/users\/2"}],"replies":[{"embeddable":true,"href":"https:\/\/www.europesays.com\/pt\/wp-json\/wp\/v2\/comments?post=232009"}],"version-history":[{"count":0,"href":"https:\/\/www.europesays.com\/pt\/wp-json\/wp\/v2\/posts\/232009\/revisions"}],"wp:featuredmedia":[{"embeddable":true,"href":"https:\/\/www.europesays.com\/pt\/wp-json\/wp\/v2\/media\/232010"}],"wp:attachment":[{"href":"https:\/\/www.europesays.com\/pt\/wp-json\/wp\/v2\/media?parent=232009"}],"wp:term":[{"taxonomy":"category","embeddable":true,"href":"https:\/\/www.europesays.com\/pt\/wp-json\/wp\/v2\/categories?post=232009"},{"taxonomy":"post_tag","embeddable":true,"href":"https:\/\/www.europesays.com\/pt\/wp-json\/wp\/v2\/tags?post=232009"}],"curies":[{"name":"wp","href":"https:\/\/api.w.org\/{rel}","templated":true}]}}