{"id":232024,"date":"2026-01-16T21:34:07","date_gmt":"2026-01-16T21:34:07","guid":{"rendered":"https:\/\/www.europesays.com\/pt\/232024\/"},"modified":"2026-01-16T21:34:07","modified_gmt":"2026-01-16T21:34:07","slug":"datas-de-pagamento-das-pensoes-da-cga-janeiro-fevereiro-e-marco-de-2026","status":"publish","type":"post","link":"https:\/\/www.europesays.com\/pt\/232024\/","title":{"rendered":"Datas de Pagamento das Pens\u00f5es da CGA: Janeiro, Fevereiro e Mar\u00e7o de 2026"},"content":{"rendered":"<p><img width=\"640\" height=\"440\" src=\"https:\/\/www.europesays.com\/pt\/wp-content\/uploads\/2026\/01\/senior-3336451_640.jpg\" class=\"attachment-post-thumbnail size-post-thumbnail wp-post-image\" alt=\"Pens\u00f5es, Reformas\" decoding=\"async\" fetchpriority=\"high\" wpfc-lazyload-disable=\"true\"\/>\t\t\t<\/p>\n<p>Neste artigo damos destaque \u00e0s datas de pagamento das pens\u00f5es da CGA durante o primeiro trimestre de 2026.<\/p>\n<p>A Caixa Geral de Aposenta\u00e7\u00f5es (CGA) ir\u00e1 proceder ao pagamento das pens\u00f5es relativas ao m\u00eas de janeiro de 2026 no dia <strong>19 de janeiro de 2026<\/strong>.<\/p>\n<p>Informa-se que, apesar de as tabelas de reten\u00e7\u00e3o mensal na fonte do IRS a aplicar durante o ano de 2026 j\u00e1 serem conhecidas desde o dia 6 de janeiro, a CGA ainda ir\u00e1 considerar as tabelas de reten\u00e7\u00e3o de 2025 para apurar o valor da pens\u00e3o de janeiro.<\/p>\n<p>Quando for proceder ao pagamento da pens\u00e3o de fevereiro de 2026, que se realizar\u00e1 no dia <strong>19 de fevereiro<\/strong>, a CGA proceder\u00e1 ao c\u00e1lculo usando j\u00e1 as tabelas de 2026, procedendo igualmente ao pagamento do retroativo de janeiro.<\/p>\n<p>Apenas aquando do pagamento da pens\u00e3o de mar\u00e7o de 2026, a realizar no dia <strong>19 de mar\u00e7o<\/strong>, ocorrer\u00e1 o pagamento de pens\u00f5es \u201climpo de ru\u00eddo\u201d associado ao desfasamento do apuramento do IRS devido.<\/p>\n<p>Pode consultar aqui o <a href=\"https:\/\/www.cga.pt\/calendariop1.asp#\" target=\"_blank\" rel=\"noopener nofollow\"><strong>calend\u00e1rio de pagamento das pens\u00f5es em 2026 divulgado pela CGA<\/strong><\/a> no seu s\u00edtio da internet.<\/p>\n<p>Tabelas de IRS 2026 para pensionistas<\/p>\n<p>Recordamos que h\u00e1 quatro tabelas de reten\u00e7\u00e3o mensal na fonte dedicadas a pensionistas, aplic\u00e1veis a quatro situa\u00e7\u00f5es distintas:<\/p>\n<ul class=\"wp-block-list\">\n<li><strong>N\u00e3o casado ou casado dois titulares<\/strong><\/li>\n<li><strong>Casado \u00fanico titular<\/strong><\/li>\n<li><strong>N\u00e3o casado ou casado dois titulares \u2013 Pessoa com defici\u00eancia<\/strong><\/li>\n<li><strong>Casado \u00fanico titular \u2013 Pessoa com defici\u00eancia<\/strong><\/li>\n<\/ul>\n<p>Poder\u00e1 encontrar aqui no artigo \u201c<a href=\"https:\/\/economiafinancas.com\/2026\/pensionistas-tabelas-de-retencao-de-irs-2026\/\" target=\"_blank\" rel=\"noopener nofollow\"><strong>PENSIONISTAS: Tabelas de Reten\u00e7\u00e3o de IRS 2026<\/strong><\/a>\u201d toda a informa\u00e7\u00e3o divulgada a 6 de janeiro.<\/p>\n","protected":false},"excerpt":{"rendered":"Neste artigo damos destaque \u00e0s datas de pagamento das pens\u00f5es da CGA durante o primeiro trimestre de 2026.&hellip;\n","protected":false},"author":2,"featured_media":232025,"comment_status":"","ping_status":"","sticky":false,"template":"","format":"standard","meta":{"footnotes":""},"categories":[8],"tags":[27,28,42897,34624,15,16,14,25,26,21,22,12,13,19,20,44355,7707,32,23,24,33,17,18,29,30,31],"class_list":{"0":"post-232024","1":"post","2":"type-post","3":"status-publish","4":"format-standard","5":"has-post-thumbnail","7":"category-principais-noticias","8":"tag-breaking-news","9":"tag-breakingnews","10":"tag-calendario-pensoes-cga","11":"tag-cga","12":"tag-featured-news","13":"tag-featurednews","14":"tag-headlines","15":"tag-latest-news","16":"tag-latestnews","17":"tag-main-news","18":"tag-mainnews","19":"tag-news","20":"tag-noticias","21":"tag-noticias-principais","22":"tag-noticiasprincipais","23":"tag-pagamento-das-pensoes-da-cga","24":"tag-pensoes","25":"tag-portugal","26":"tag-principais-noticias","27":"tag-principaisnoticias","28":"tag-pt","29":"tag-top-stories","30":"tag-topstories","31":"tag-ultimas","32":"tag-ultimas-noticias","33":"tag-ultimasnoticias"},"share_on_mastodon":{"url":"https:\/\/pubeurope.com\/@pt\/115906928003167562","error":""},"_links":{"self":[{"href":"https:\/\/www.europesays.com\/pt\/wp-json\/wp\/v2\/posts\/232024","targetHints":{"allow":["GET"]}}],"collection":[{"href":"https:\/\/www.europesays.com\/pt\/wp-json\/wp\/v2\/posts"}],"about":[{"href":"https:\/\/www.europesays.com\/pt\/wp-json\/wp\/v2\/types\/post"}],"author":[{"embeddable":true,"href":"https:\/\/www.europesays.com\/pt\/wp-json\/wp\/v2\/users\/2"}],"replies":[{"embeddable":true,"href":"https:\/\/www.europesays.com\/pt\/wp-json\/wp\/v2\/comments?post=232024"}],"version-history":[{"count":0,"href":"https:\/\/www.europesays.com\/pt\/wp-json\/wp\/v2\/posts\/232024\/revisions"}],"wp:featuredmedia":[{"embeddable":true,"href":"https:\/\/www.europesays.com\/pt\/wp-json\/wp\/v2\/media\/232025"}],"wp:attachment":[{"href":"https:\/\/www.europesays.com\/pt\/wp-json\/wp\/v2\/media?parent=232024"}],"wp:term":[{"taxonomy":"category","embeddable":true,"href":"https:\/\/www.europesays.com\/pt\/wp-json\/wp\/v2\/categories?post=232024"},{"taxonomy":"post_tag","embeddable":true,"href":"https:\/\/www.europesays.com\/pt\/wp-json\/wp\/v2\/tags?post=232024"}],"curies":[{"name":"wp","href":"https:\/\/api.w.org\/{rel}","templated":true}]}}