{"id":232026,"date":"2026-01-16T21:35:08","date_gmt":"2026-01-16T21:35:08","guid":{"rendered":"https:\/\/www.europesays.com\/pt\/232026\/"},"modified":"2026-01-16T21:35:08","modified_gmt":"2026-01-16T21:35:08","slug":"bernardo-sousa-declara-se-a-bruna-gomes-com-duas-tatuagens","status":"publish","type":"post","link":"https:\/\/www.europesays.com\/pt\/232026\/","title":{"rendered":"Bernardo Sousa declara-se a Bruna Gomes&#8230; com duas tatuagens!"},"content":{"rendered":"<p><a href=\"https:\/\/selfie.iol.pt\/famosos\/bernardo-sousa\/bernardo-sousa-recorda-fase-conturbada-isto-e-a-minha-vida-estao-aqui-os-meus-demonios\/20251226\/694eb09ed34e2bd5c6d58878\" target=\"_blank\" rel=\"nofollow noopener\">Bruna Gomes<\/a> partilhou com os seguidores um v\u00eddeo muito especial, no qual a influenciadora digital surge com\u00a0Bernardo Sousa num est\u00fadio de tatuagens.<\/p>\n<p>O piloto decidiu gravar o diminutivo &#8220;Bru&#8221; no corpo, assim como a data do casamento com Bruna Gomes e brincou: &#8220;Estou casado, j\u00e1 n\u00e3o posso fazer nada.&#8221;<\/p>\n<p>Bruna Gomes, que tamb\u00e9m tatuou o diminutivo que d\u00e1 nome \u00e0 marca em nome pr\u00f3prio, n\u00e3o escondeu a emo\u00e7\u00e3o com o gesto e revelou na legenda que a homenagem n\u00e3o foi apenas do marido, mas tamb\u00e9m de alguns amigos: &#8220;Eles apoiando a minha marca.&#8221;<\/p>\n<p>Recorde-se que o casal se conheceu e apaixonou, em 2022, sob o olhar atento dos portugueses, quando ambos participaram no &#8220;Big Brother Famosos&#8221;.\u00a0Seria na Madeira, em mar\u00e7o de 2024, que Bruna Gomes e Bernardo Sousa se casaram.<\/p>\n<p>Veja, agora, o v\u00eddeo que mostra <a href=\"https:\/\/selfie.iol.pt\/famosos\/casa-dos-segredos\/natal-de-bruna-gomes-e-bernardo-sousa-sofre-imprevisto-veio-de-longe-e-perdeu-se\/20251222\/69492c13d34e2bd5c6d56746\" target=\"_blank\" rel=\"nofollow noopener\">Bernardo Sousa<\/a> a ser tatuado.<\/p>\n<blockquote class=\"instagram-media\" data-instgrm-captioned=\"\" data-instgrm-permalink=\"https:\/\/www.instagram.com\/reel\/DTi7zengWTj\/?utm_source=ig_embed&amp;utm_campaign=loading\" data-instgrm-version=\"14\" style=\" background:#FFF; border:0; border-radius:3px; box-shadow:0 0 1px 0 rgba(0,0,0,0.5),0 1px 10px 0 rgba(0,0,0,0.15); margin: 1px; max-width:540px; min-width:326px; padding:0; width:99.375%; width:-webkit-calc(100% - 2px); width:calc(100% - 2px);\">\n<\/blockquote>\n<p>                        <script async src=\"\/\/www.instagram.com\/embed.js\"><\/script><\/p>\n","protected":false},"excerpt":{"rendered":"Bruna Gomes partilhou com os seguidores um v\u00eddeo muito especial, no qual a influenciadora digital surge com\u00a0Bernardo Sousa&hellip;\n","protected":false},"author":2,"featured_media":200629,"comment_status":"","ping_status":"","sticky":false,"template":"","format":"standard","meta":{"footnotes":""},"categories":[145],"tags":[1040,48,800,211,210,114,115,980,1015,619,32,33,1014,1012,4817,162],"class_list":{"0":"post-232026","1":"post","2":"type-post","3":"status-publish","4":"format-standard","5":"has-post-thumbnail","7":"category-celebridades","8":"tag-bernardo-sousa","9":"tag-big-brother","10":"tag-bruna-gomes","11":"tag-celebridades","12":"tag-celebrities","13":"tag-entertainment","14":"tag-entretenimento","15":"tag-famosos","16":"tag-instagram","17":"tag-nacional","18":"tag-portugal","19":"tag-pt","20":"tag-reality-show","21":"tag-selfie","22":"tag-tatuagem","23":"tag-tvi"},"share_on_mastodon":{"url":"https:\/\/pubeurope.com\/@pt\/115906931782454583","error":""},"_links":{"self":[{"href":"https:\/\/www.europesays.com\/pt\/wp-json\/wp\/v2\/posts\/232026","targetHints":{"allow":["GET"]}}],"collection":[{"href":"https:\/\/www.europesays.com\/pt\/wp-json\/wp\/v2\/posts"}],"about":[{"href":"https:\/\/www.europesays.com\/pt\/wp-json\/wp\/v2\/types\/post"}],"author":[{"embeddable":true,"href":"https:\/\/www.europesays.com\/pt\/wp-json\/wp\/v2\/users\/2"}],"replies":[{"embeddable":true,"href":"https:\/\/www.europesays.com\/pt\/wp-json\/wp\/v2\/comments?post=232026"}],"version-history":[{"count":0,"href":"https:\/\/www.europesays.com\/pt\/wp-json\/wp\/v2\/posts\/232026\/revisions"}],"wp:featuredmedia":[{"embeddable":true,"href":"https:\/\/www.europesays.com\/pt\/wp-json\/wp\/v2\/media\/200629"}],"wp:attachment":[{"href":"https:\/\/www.europesays.com\/pt\/wp-json\/wp\/v2\/media?parent=232026"}],"wp:term":[{"taxonomy":"category","embeddable":true,"href":"https:\/\/www.europesays.com\/pt\/wp-json\/wp\/v2\/categories?post=232026"},{"taxonomy":"post_tag","embeddable":true,"href":"https:\/\/www.europesays.com\/pt\/wp-json\/wp\/v2\/tags?post=232026"}],"curies":[{"name":"wp","href":"https:\/\/api.w.org\/{rel}","templated":true}]}}