{"id":232027,"date":"2026-01-16T21:38:07","date_gmt":"2026-01-16T21:38:07","guid":{"rendered":"https:\/\/www.europesays.com\/pt\/232027\/"},"modified":"2026-01-16T21:38:07","modified_gmt":"2026-01-16T21:38:07","slug":"adriano-silva-martins-responde-ao-comunicado-de-barbara-parada-aqui-nao-lemos-encomendas-de-ninguem","status":"publish","type":"post","link":"https:\/\/www.europesays.com\/pt\/232027\/","title":{"rendered":"Adriano Silva Martins responde ao comunicado de B\u00e1rbara Parada: &#8220;Aqui, n\u00e3o lemos encomendas de ningu\u00e9m&#8221;"},"content":{"rendered":"<p>Nos \u00faltimos dias, voltou a falar-se sobre a vida amorosa de B\u00e1rbara Parada, aproximadamente um m\u00eas depois do t\u00e9rmino da rela\u00e7\u00e3o com Francisco Monteiro.\u00a0No programa &#8220;V+ Fama&#8221;, Isabel Figueira avan\u00e7ou que a ex-concorrente do &#8220;<a href=\"https:\/\/tvi.iol.pt\/bigbrother\/\" target=\"_blank\" rel=\"nofollow noopener\">Big Brother<\/a>&#8221; tem um namorado, sendo ele ligado ao padel, \u00e0 semelhan\u00e7a de Zaza, como o nortenho \u00e9 carinhosamente tratado. Ali\u00e1s, os dois homens trabalhar\u00e3o no mesmo local.<\/p>\n<p>No dia seguinte, Adriano Silva Martins deu eco ao assunto, desta vez na rubrica &#8220;Conversas de Caf\u00e9&#8221;, inserida no formato &#8220;<a href=\"https:\/\/tvi.iol.pt\/doisas10\/\" target=\"_blank\" rel=\"nofollow noopener\">Dois \u00e0s 10<\/a>&#8220;.\u00a0&#8220;Falei com ela ontem. N\u00f3s temos a informa\u00e7\u00e3o de que ela est\u00e1 a conhecer uma pessoa. \u00c9 seu amigo especial, ou seja o que for. N\u00f3s n\u00e3o a criticamos por isso&#8221;, come\u00e7ou por dizer.<\/p>\n<p>&#8220;No programa &#8216;Noite das Estrelas&#8217; [da CMTV], falaram disto, penso que na ter\u00e7a-feira. Pensei: &#8216;Bom, se eu tenho esta informa\u00e7\u00e3o desde o princ\u00edpio do ano, tamb\u00e9m vamos dar aquilo que sabemos&#8217;. Honestamente, a B\u00e1rbara disse-me: &#8216;N\u00e3o \u00e9 meu namorado&#8217;. Mas eu disse-lhe: &#8216;Ok, pode n\u00e3o ser teu namorado. Chamas-lhe como tu quiseres&#8217;. Confrontei-a com uma s\u00e9rie de dados, que n\u00e3o vou dar aqui, porque foi uma conversa privada que tive com ela. Viajaram para v\u00e1rios s\u00edtios e ela assumiu-me que, obviamente, conta com a companhia desta pessoa&#8221;, contou, deixando claro: &#8220;Ela \u00e9 uma mulher livre para fazer o que quiser.&#8221;<\/p>\n<p>Entretanto, tamb\u00e9m na quinta-feira, <a href=\"https:\/\/selfie.iol.pt\/famosos\/francisco-monteiro\/barbara-parada-confrontada-com-suposto-novo-namorado-tive-uma-conversa-privada-com-ela\/20260116\/696a62a3d34e92a3449791fd\" target=\"_blank\" rel=\"nofollow noopener\">B\u00e1rbara Parada<\/a> emitiu um comunicado, por interm\u00e9dio do Instagram, no qual nega que esteja a viver um novo namoro. No mesmo texto, indica que partiu dela terminar a rela\u00e7\u00e3o com <a href=\"https:\/\/selfie.iol.pt\/famosos\/marcia-soares\/marcia-soares-reage-a-proibicao-de-barbara-parada-a-francisco-monteiro-so-tenho-uma-coisa-a-dizer\/20260116\/696a3724d34e92a344978db0\" target=\"_blank\" rel=\"nofollow noopener\">Francisco Monteiro<\/a>, deixando-lhe algumas farpas, bem como aos programas em que o assunto tem sido discutido.<\/p>\n<p>Ora, na emiss\u00e3o desta sexta-feira, dia 16, do programa &#8220;V+ Fama&#8221;, Adriano Silva Martins voltou a falar sobre o tema e apontou o dedo a partes do comunicado feito pela ex-participante do reality show da <a href=\"https:\/\/tvi.iol.pt\/\" target=\"_blank\" rel=\"nofollow noopener\">TVI<\/a>.<\/p>\n<p>&#8220;Levantar bandeiras de machismo e dizer que os comentadores s\u00f3 l\u00eaem encomendas&#8230; N\u00f3s aqui n\u00e3o lemos encomendas de ningu\u00e9m. N\u00f3s n\u00e3o somos a FedEx&#8221;, criticou o apresentador do formato do <a href=\"https:\/\/tvi.iol.pt\/vmais\/\" target=\"_blank\" rel=\"nofollow noopener\">V+<\/a>, a t\u00edtulo de exemplo.<\/p>\n<p>Veja, agora, os v\u00eddeos com todas as informa\u00e7\u00f5es.<\/p>\n","protected":false},"excerpt":{"rendered":"Nos \u00faltimos dias, voltou a falar-se sobre a vida amorosa de B\u00e1rbara Parada, aproximadamente um m\u00eas depois do&hellip;\n","protected":false},"author":2,"featured_media":232028,"comment_status":"","ping_status":"","sticky":false,"template":"","format":"standard","meta":{"footnotes":""},"categories":[142],"tags":[8559,6973,2151,48,9402,13933,6980,801,114,115,6309,980,2071,619,28830,32,33,1014,1012,151,162,30142,43965,30143,6972,8560,30141,10040],"class_list":{"0":"post-232027","1":"post","2":"type-post","3":"status-publish","4":"format-standard","5":"has-post-thumbnail","7":"category-tv","8":"tag-adriano-silva-martins","9":"tag-apresentador","10":"tag-barbara-parada","11":"tag-big-brother","12":"tag-cmtv","13":"tag-comentador","14":"tag-comentadora","15":"tag-dois-as-10","16":"tag-entertainment","17":"tag-entretenimento","18":"tag-ex-concorrente","19":"tag-famosos","20":"tag-francisco-monteiro","21":"tag-nacional","22":"tag-noite-das-estrelas","23":"tag-portugal","24":"tag-pt","25":"tag-reality-show","26":"tag-selfie","27":"tag-tv","28":"tag-tvi","29":"tag-v-mais","30":"tag-v-mais-fama","31":"tag-v-mais-tvi","32":"tag-vmais","33":"tag-vmais-fama","34":"tag-vmais-tvi","35":"tag-vmaistvi"},"share_on_mastodon":{"url":"https:\/\/pubeurope.com\/@pt\/115906943840009395","error":""},"_links":{"self":[{"href":"https:\/\/www.europesays.com\/pt\/wp-json\/wp\/v2\/posts\/232027","targetHints":{"allow":["GET"]}}],"collection":[{"href":"https:\/\/www.europesays.com\/pt\/wp-json\/wp\/v2\/posts"}],"about":[{"href":"https:\/\/www.europesays.com\/pt\/wp-json\/wp\/v2\/types\/post"}],"author":[{"embeddable":true,"href":"https:\/\/www.europesays.com\/pt\/wp-json\/wp\/v2\/users\/2"}],"replies":[{"embeddable":true,"href":"https:\/\/www.europesays.com\/pt\/wp-json\/wp\/v2\/comments?post=232027"}],"version-history":[{"count":0,"href":"https:\/\/www.europesays.com\/pt\/wp-json\/wp\/v2\/posts\/232027\/revisions"}],"wp:featuredmedia":[{"embeddable":true,"href":"https:\/\/www.europesays.com\/pt\/wp-json\/wp\/v2\/media\/232028"}],"wp:attachment":[{"href":"https:\/\/www.europesays.com\/pt\/wp-json\/wp\/v2\/media?parent=232027"}],"wp:term":[{"taxonomy":"category","embeddable":true,"href":"https:\/\/www.europesays.com\/pt\/wp-json\/wp\/v2\/categories?post=232027"},{"taxonomy":"post_tag","embeddable":true,"href":"https:\/\/www.europesays.com\/pt\/wp-json\/wp\/v2\/tags?post=232027"}],"curies":[{"name":"wp","href":"https:\/\/api.w.org\/{rel}","templated":true}]}}