{"id":232030,"date":"2026-01-16T21:40:07","date_gmt":"2026-01-16T21:40:07","guid":{"rendered":"https:\/\/www.europesays.com\/pt\/232030\/"},"modified":"2026-01-16T21:40:07","modified_gmt":"2026-01-16T21:40:07","slug":"shiver-filme-de-piratas-do-diretor-de-deadpool-com-keanu-reeves-ganha-data-de-estreia","status":"publish","type":"post","link":"https:\/\/www.europesays.com\/pt\/232030\/","title":{"rendered":"Shiver: Filme de piratas do diretor de Deadpool com Keanu Reeves ganha data de estreia"},"content":{"rendered":"<p class=\"wp-block-yoast-seo-estimated-reading-time yoast-reading-time__wrapper\">Estimated reading time: 1 minuto<\/p>\n<p>A <a href=\"https:\/\/ovicio.com.br\/tag\/Warner-Bros-Pictures\/\" target=\"_blank\" rel=\"noreferrer noopener nofollow\">Warner Bros. Pictures<\/a> definiu a data de estreia de um de seus projetos mais curiosos de 2027: um filme de piratas de <a href=\"https:\/\/ovicio.com.br\/tag\/Tim-Miller\/\" target=\"_blank\" rel=\"noreferrer noopener nofollow\">Tim Miller<\/a> (Deadpool) estrelado por <a href=\"https:\/\/ovicio.com.br\/tag\/Keanu-Reeves\/\" target=\"_blank\" rel=\"noreferrer noopener nofollow\">Keanu Reeves<\/a>.<\/p>\n<p>Intitulado <a href=\"https:\/\/ovicio.com.br\/tag\/Shiver\/\" target=\"_blank\" rel=\"noreferrer noopener nofollow\">Shiver<\/a>, o projeto \u00e9 descrito como uma trama de loop temporal no Mar do Caribe. <strong>Reeves <\/strong>vive um contrabandista que precisa lidar com piratas, tubar\u00f5es e cad\u00e1veres enquanto o tempo se repete.<\/p>\n<p>A estreia est\u00e1 agendada para <strong>12 de agosto de 2027<\/strong>, e a produ\u00e7\u00e3o deve come\u00e7ar em breve.<\/p>\n<p>O roteiro \u00e9 assinado por<strong> Ian Shorr<\/strong> (Infinito), e foi comprado pela <strong>Warner <\/strong>no final do ano passado.<\/p>\n<p>Leia tamb\u00e9m sobre Keanu Reeves<\/p>\n<p><strong>Fonte:<\/strong>\u00a0<a href=\"https:\/\/deadline.com\/2026\/01\/conjuring-first-communion-great-beyond-panic-carefully-release-dates-1236685371\/\" target=\"_blank\" rel=\"noreferrer noopener nofollow\">Deadline<\/a><\/p>\n","protected":false},"excerpt":{"rendered":"Estimated reading time: 1 minuto A Warner Bros. Pictures definiu a data de estreia de um de seus&hellip;\n","protected":false},"author":2,"featured_media":232031,"comment_status":"","ping_status":"","sticky":false,"template":"","format":"standard","meta":{"footnotes":""},"categories":[140],"tags":[23390,114,115,147,148,22666,146,32,33,44356,44357,37695],"class_list":{"0":"post-232030","1":"post","2":"type-post","3":"status-publish","4":"format-standard","5":"has-post-thumbnail","7":"category-filmes","8":"tag-deadpool","9":"tag-entertainment","10":"tag-entretenimento","11":"tag-film","12":"tag-filmes","13":"tag-keanu-reeves","14":"tag-movies","15":"tag-portugal","16":"tag-pt","17":"tag-shiver","18":"tag-tim-miller","19":"tag-warner-bros-pictures"},"share_on_mastodon":{"url":"https:\/\/pubeurope.com\/@pt\/115906951472833114","error":""},"_links":{"self":[{"href":"https:\/\/www.europesays.com\/pt\/wp-json\/wp\/v2\/posts\/232030","targetHints":{"allow":["GET"]}}],"collection":[{"href":"https:\/\/www.europesays.com\/pt\/wp-json\/wp\/v2\/posts"}],"about":[{"href":"https:\/\/www.europesays.com\/pt\/wp-json\/wp\/v2\/types\/post"}],"author":[{"embeddable":true,"href":"https:\/\/www.europesays.com\/pt\/wp-json\/wp\/v2\/users\/2"}],"replies":[{"embeddable":true,"href":"https:\/\/www.europesays.com\/pt\/wp-json\/wp\/v2\/comments?post=232030"}],"version-history":[{"count":0,"href":"https:\/\/www.europesays.com\/pt\/wp-json\/wp\/v2\/posts\/232030\/revisions"}],"wp:featuredmedia":[{"embeddable":true,"href":"https:\/\/www.europesays.com\/pt\/wp-json\/wp\/v2\/media\/232031"}],"wp:attachment":[{"href":"https:\/\/www.europesays.com\/pt\/wp-json\/wp\/v2\/media?parent=232030"}],"wp:term":[{"taxonomy":"category","embeddable":true,"href":"https:\/\/www.europesays.com\/pt\/wp-json\/wp\/v2\/categories?post=232030"},{"taxonomy":"post_tag","embeddable":true,"href":"https:\/\/www.europesays.com\/pt\/wp-json\/wp\/v2\/tags?post=232030"}],"curies":[{"name":"wp","href":"https:\/\/api.w.org\/{rel}","templated":true}]}}