{"id":232034,"date":"2026-01-16T21:42:19","date_gmt":"2026-01-16T21:42:19","guid":{"rendered":"https:\/\/www.europesays.com\/pt\/232034\/"},"modified":"2026-01-16T21:42:19","modified_gmt":"2026-01-16T21:42:19","slug":"regiao-do-algodoal-recebe-arrastao-contra-a-dengue-neste-sabado-17-01-portal-do-municipio-de-piracicaba","status":"publish","type":"post","link":"https:\/\/www.europesays.com\/pt\/232034\/","title":{"rendered":"Regi\u00e3o do Algodoal recebe arrast\u00e3o contra a dengue neste s\u00e1bado, 17\/01 \u2013 Portal do Munic\u00edpio de Piracicaba"},"content":{"rendered":"<p>Com a intensifica\u00e7\u00e3o do per\u00edodo de chuvas, aumenta tamb\u00e9m o risco de prolifera\u00e7\u00e3o do mosquito\u00a0Aedes aegypti. Pequenas quantidades de \u00e1gua parada, comuns nesta \u00e9poca do ano, s\u00e3o suficientes para a reprodu\u00e7\u00e3o do vetor da dengue, zika e chikungunya, o que refor\u00e7a a import\u00e2ncia da participa\u00e7\u00e3o da popula\u00e7\u00e3o nas a\u00e7\u00f5es de preven\u00e7\u00e3o.\u00a0Uma delas \u00e9 o\u00a0Arrast\u00e3o\u00a0que acontece amanh\u00e3,\u00a0s\u00e1bado,\u00a017\/01. As\u00a0equipes do Plano Municipal de Combate ao Aedes (PMCA), vinculado ao Centro de Controle de Zoonoses (CCZ), da Secretaria Municipal de Sa\u00fade,\u00a0estar\u00e3o na regi\u00e3o do bairro Algodoal,\u00a0das 8h \u00e0s 14h.<\/p>\n<p><img data-lazyloaded=\"1\" data-placeholder-resp=\"1024x768\" fetchpriority=\"high\" decoding=\"async\" width=\"1024\" height=\"768\" src=\"https:\/\/www.europesays.com\/pt\/wp-content\/uploads\/2026\/01\/Materiais-deixados-na-calcada-sao-recolhidos-e-colocados-em-caminhao-1024x768.jpg\" alt=\"A imagem mostra um caminh\u00e3o branco com uma faixa publicit\u00e1ria presa na lateral, que anuncia uma campanha contra a dengue. A faixa exibe um desenho de um mosquito com um sinal de proibido sobre ele, acompanhado do slogan &quot;TODOS CONTRA A DENGUE&quot;. Abaixo, em letras maiores, l\u00ea-se &quot;ARRAST\u00c3O DENGUE&quot;. \u00c0 direita da faixa, h\u00e1 um texto em letras menores que diz &quot;PREFEITURA MUNICIPAL DE PIRACICABA A SERVI\u00c7O DA SECRETARIA MUNICIPAL DA SA\u00daDE - PMCA&quot;. Um homem, vestindo um bon\u00e9, \u00f3culos escuros e uma camiseta amarela com detalhes pretos e laranjas, est\u00e1 em cima do caminh\u00e3o, segurando uma prancha de madeira. O caminh\u00e3o est\u00e1 carregado com diversos objetos, incluindo m\u00f3veis e outros materiais. A cena se passa em uma rua, com casas e \u00e1rvores ao fundo, sob um c\u00e9u azul claro. O logotipo &quot;ECOTERRA&quot; aparece duas vezes no caminh\u00e3o.\" class=\"wp-image-118619\"  data-\/><strong>Materiais deixados na cal\u00e7ada s\u00e3o recolhidos e colocados em caminh\u00e3o<\/strong><\/p>\n<p>Em\u00a02026, at\u00e9 o dia 13\/01, foram registradas, em dados provis\u00f3rios, 126 notifica\u00e7\u00f5es, com uma confirma\u00e7\u00e3o de dengue. Em dados consolidados, no mesmo per\u00edodo de 2025, foram 578 notifica\u00e7\u00f5es e 41 confirma\u00e7\u00f5es e em 2024, 742 notifica\u00e7\u00f5es e 271 confirma\u00e7\u00f5es.<\/p>\n<p><img loading=\"lazy\" data-lazyloaded=\"1\" data-placeholder-resp=\"1024x768\" decoding=\"async\" width=\"1024\" height=\"768\" src=\"https:\/\/www.europesays.com\/pt\/wp-content\/uploads\/2026\/01\/Principal-objetivo-do-arrastao-e-recolher-materiais-que-podem-se-transformar-em-criadouros-1024x768..jpeg\" alt=\"A imagem mostra uma pessoa vestindo um chap\u00e9u verde, uma camisa amarela de manga comprida e uma vestimenta preta por cima com a inscri\u00e7\u00e3o &quot;ARRAST\u00c3O DENGUE 2022&quot;. A pessoa tamb\u00e9m usa cal\u00e7as laranjas e sapatos pretos. A cena parece ser em uma \u00e1rea externa, possivelmente uma garagem ou um quintal, com uma constru\u00e7\u00e3o ao fundo. H\u00e1 uma moto estacionada, uma escada encostada na parede e materiais de constru\u00e7\u00e3o vis\u00edveis. A ilumina\u00e7\u00e3o sugere que \u00e9 dia.\" class=\"wp-image-118620\"  data-\/><strong>Principal objetivo do arrast\u00e3o \u00e9 recolher materiais que podem se transformar em criadouros<\/strong><\/p>\n<p>O arrast\u00e3o integra o conjunto de a\u00e7\u00f5es permanentes desenvolvidas pela Secretaria Municipal de Sa\u00fade para estimular a popula\u00e7\u00e3o a intensificar a verifica\u00e7\u00e3o de poss\u00edveis criadouros dentro das resid\u00eancias, al\u00e9m de orientar sobre as medidas de combate ao mosquito e refor\u00e7ar a import\u00e2ncia da participa\u00e7\u00e3o de todos para evitar a prolifera\u00e7\u00e3o do vetor.<\/p>\n<p><strong>VACINA\u00c7\u00c3O\u00a0<\/strong>\u2013\u00a0A vacina\u00e7\u00e3o contra a dengue para crian\u00e7as e adolescentes de 10 a 14 anos segue dispon\u00edvel em Piracicaba. Para receber o imunizante, \u00e9 necess\u00e1rio apresentar documento de identifica\u00e7\u00e3o com foto e o Cart\u00e3o Nacional do SUS. A vacina\u00e7\u00e3o ocorre de segunda a sexta-feira, das 8h \u00e0s 15h, em todas as Unidades B\u00e1sicas de Sa\u00fade (UBSs) e Unidades de Sa\u00fade da Fam\u00edlia (USFs), exceto a UBS Paulista (antigo Crab).\u00a0Na UBS Centro, \u00e9 poss\u00edvel fazer a vacina\u00e7\u00e3o tamb\u00e9m no hor\u00e1rio estendido, das 17h \u00e0s 20h.<\/p>\n<p>O esquema vacinal \u00e9 composto por duas doses, com intervalo de tr\u00eas meses entre elas. Em feriados e pontos facultativos, n\u00e3o h\u00e1 vacina\u00e7\u00e3o.<\/p>\n<p><strong>PREVEN\u00c7\u00c3O<\/strong>\u00a0\u2013\u00a0Entre os principais cuidados para prevenir a dengue est\u00e3o eliminar focos de \u00e1gua parada, manter pratos de plantas com areia at\u00e9 a borda, guardar garrafas com a boca para baixo, limpar calhas, n\u00e3o descartar lixo em terrenos baldios, manter caixas d\u2019\u00e1gua e reservat\u00f3rios bem vedados, tratar piscinas com cloro, evitar o ac\u00famulo de \u00e1gua em pneus e lavar semanalmente os bebedouros de animais. O uso de repelente, que pode se retirado gratuitamente por gestantes e pessoas com dengue nas unidades de sa\u00fade,\u00a0tamb\u00e9m \u00e9 recomendado, especialmente em ambientes fechados.<\/p>\n<p>Em caso de suspeita de dengue, a orienta\u00e7\u00e3o \u00e9 procurar o mais r\u00e1pido poss\u00edvel a unidade de sa\u00fade mais pr\u00f3xima e evitar a automedica\u00e7\u00e3o.<\/p>\n","protected":false},"excerpt":{"rendered":"Com a intensifica\u00e7\u00e3o do per\u00edodo de chuvas, aumenta tamb\u00e9m o risco de prolifera\u00e7\u00e3o do mosquito\u00a0Aedes aegypti. Pequenas quantidades&hellip;\n","protected":false},"author":2,"featured_media":232035,"comment_status":"","ping_status":"","sticky":false,"template":"","format":"standard","meta":{"footnotes":""},"categories":[86],"tags":[116,32,33,117],"class_list":{"0":"post-232034","1":"post","2":"type-post","3":"status-publish","4":"format-standard","5":"has-post-thumbnail","7":"category-saude","8":"tag-health","9":"tag-portugal","10":"tag-pt","11":"tag-saude"},"share_on_mastodon":{"url":"https:\/\/pubeurope.com\/@pt\/115906959324915913","error":""},"_links":{"self":[{"href":"https:\/\/www.europesays.com\/pt\/wp-json\/wp\/v2\/posts\/232034","targetHints":{"allow":["GET"]}}],"collection":[{"href":"https:\/\/www.europesays.com\/pt\/wp-json\/wp\/v2\/posts"}],"about":[{"href":"https:\/\/www.europesays.com\/pt\/wp-json\/wp\/v2\/types\/post"}],"author":[{"embeddable":true,"href":"https:\/\/www.europesays.com\/pt\/wp-json\/wp\/v2\/users\/2"}],"replies":[{"embeddable":true,"href":"https:\/\/www.europesays.com\/pt\/wp-json\/wp\/v2\/comments?post=232034"}],"version-history":[{"count":0,"href":"https:\/\/www.europesays.com\/pt\/wp-json\/wp\/v2\/posts\/232034\/revisions"}],"wp:featuredmedia":[{"embeddable":true,"href":"https:\/\/www.europesays.com\/pt\/wp-json\/wp\/v2\/media\/232035"}],"wp:attachment":[{"href":"https:\/\/www.europesays.com\/pt\/wp-json\/wp\/v2\/media?parent=232034"}],"wp:term":[{"taxonomy":"category","embeddable":true,"href":"https:\/\/www.europesays.com\/pt\/wp-json\/wp\/v2\/categories?post=232034"},{"taxonomy":"post_tag","embeddable":true,"href":"https:\/\/www.europesays.com\/pt\/wp-json\/wp\/v2\/tags?post=232034"}],"curies":[{"name":"wp","href":"https:\/\/api.w.org\/{rel}","templated":true}]}}