{"id":232038,"date":"2026-01-16T21:45:08","date_gmt":"2026-01-16T21:45:08","guid":{"rendered":"https:\/\/www.europesays.com\/pt\/232038\/"},"modified":"2026-01-16T21:45:08","modified_gmt":"2026-01-16T21:45:08","slug":"ministerio-da-agricultura-lanca-apoio-de-121-milhoes-de-euros-para-compra-de-maquinas-para-gestao-florestal","status":"publish","type":"post","link":"https:\/\/www.europesays.com\/pt\/232038\/","title":{"rendered":"Minist\u00e9rio da Agricultura lan\u00e7a apoio de 12,1 milh\u00f5es de euros para compra de m\u00e1quinas para gest\u00e3o florestal"},"content":{"rendered":"<p>        Este programa pretende apoiar micro, pequenas e m\u00e9dias empresas com atividade florestal, nomeadamente na \u00e1rea da silvicultura para aquisi\u00e7\u00e3o de m\u00e1quinas de gest\u00e3o florestal e redu\u00e7\u00e3o da carga de combust\u00edvel.    <\/p>\n<p>O Minist\u00e9rio da Agricultura e Mar lan\u00e7ou o aviso do \u201cPrograma Mais Floresta: Refor\u00e7o de Capacita\u00e7\u00e3o de Atua\u00e7\u00e3o\u201d, com uma dota\u00e7\u00e3o de 12,1 milh\u00f5es de euros, que tem como objetivo contribuir para o aumento e melhoria da gest\u00e3o florestal e redu\u00e7\u00e3o do risco de inc\u00eandio rural.<\/p>\n<p>Este programa pretende apoiar micro, pequenas e m\u00e9dias empresas com atividade florestal, nomeadamente na \u00e1rea da silvicultura para aquisi\u00e7\u00e3o de m\u00e1quinas de gest\u00e3o florestal e redu\u00e7\u00e3o da carga de combust\u00edvel.<\/p>\n<p>As candidaturas decorrem de 2 de fevereiro a 15 de mar\u00e7o, sendo que se podem candidatar micro, pequenas e m\u00e9dias empresas de Portugal continental, sendo poss\u00edvel ser feita uma candidatura por PME, atrav\u00e9s do sistema de Gest\u00e3o de Candidaturas do ICNF.<\/p>\n<p>O apoio assume a forma de uma subven\u00e7\u00e3o n\u00e3o reembols\u00e1vel at\u00e9 ao montante m\u00e1ximo de 150 mil euros por candidatura aprovada.<\/p>\n<p>Em comunicado o Minist\u00e9rio refere que \u201ceste aviso pretende contribuir para o aumento da preven\u00e7\u00e3o e para a redu\u00e7\u00e3o do risco de inc\u00eandio rural, atrav\u00e9s do refor\u00e7o da capacidade de interven\u00e7\u00e3o das entidades respons\u00e1veis pela gest\u00e3o da carga combust\u00edvel, melhorando as condi\u00e7\u00f5es de trabalho dos agentes do setor florestal\u201d.<\/p>\n<p>Podem beneficiar deste apoio os investimentos em equipamentos das seguintes tipologias, equipamentos mec\u00e2nicos para gest\u00e3o de combust\u00edvel (alfaias), tratores para opera\u00e7\u00f5es florestais, m\u00e1quinas telecomandadas para gest\u00e3o de combust\u00edvel, m\u00e1quinas para tritura\u00e7\u00e3o de ramos e galhos.<\/p>\n","protected":false},"excerpt":{"rendered":"Este programa pretende apoiar micro, pequenas e m\u00e9dias empresas com atividade florestal, nomeadamente na \u00e1rea da silvicultura para&hellip;\n","protected":false},"author":2,"featured_media":232039,"comment_status":"","ping_status":"","sticky":false,"template":"","format":"standard","meta":{"footnotes":""},"categories":[83],"tags":[12076,88,476,89,90,2832,22310,32,33],"class_list":{"0":"post-232038","1":"post","2":"type-post","3":"status-publish","4":"format-standard","5":"has-post-thumbnail","7":"category-empresas","8":"tag-apoios","9":"tag-business","10":"tag-economia","11":"tag-economy","12":"tag-empresas","13":"tag-incendios-florestais","14":"tag-ministerio-da-agricultura-e-mar","15":"tag-portugal","16":"tag-pt"},"share_on_mastodon":{"url":"https:\/\/pubeurope.com\/@pt\/115906971174148365","error":""},"_links":{"self":[{"href":"https:\/\/www.europesays.com\/pt\/wp-json\/wp\/v2\/posts\/232038","targetHints":{"allow":["GET"]}}],"collection":[{"href":"https:\/\/www.europesays.com\/pt\/wp-json\/wp\/v2\/posts"}],"about":[{"href":"https:\/\/www.europesays.com\/pt\/wp-json\/wp\/v2\/types\/post"}],"author":[{"embeddable":true,"href":"https:\/\/www.europesays.com\/pt\/wp-json\/wp\/v2\/users\/2"}],"replies":[{"embeddable":true,"href":"https:\/\/www.europesays.com\/pt\/wp-json\/wp\/v2\/comments?post=232038"}],"version-history":[{"count":0,"href":"https:\/\/www.europesays.com\/pt\/wp-json\/wp\/v2\/posts\/232038\/revisions"}],"wp:featuredmedia":[{"embeddable":true,"href":"https:\/\/www.europesays.com\/pt\/wp-json\/wp\/v2\/media\/232039"}],"wp:attachment":[{"href":"https:\/\/www.europesays.com\/pt\/wp-json\/wp\/v2\/media?parent=232038"}],"wp:term":[{"taxonomy":"category","embeddable":true,"href":"https:\/\/www.europesays.com\/pt\/wp-json\/wp\/v2\/categories?post=232038"},{"taxonomy":"post_tag","embeddable":true,"href":"https:\/\/www.europesays.com\/pt\/wp-json\/wp\/v2\/tags?post=232038"}],"curies":[{"name":"wp","href":"https:\/\/api.w.org\/{rel}","templated":true}]}}