{"id":232042,"date":"2026-01-16T21:47:16","date_gmt":"2026-01-16T21:47:16","guid":{"rendered":"https:\/\/www.europesays.com\/pt\/232042\/"},"modified":"2026-01-16T21:47:16","modified_gmt":"2026-01-16T21:47:16","slug":"os-numeros-do-euromilhoes-que-valem-77-milhoes-de-euros-jornal-de-noticias","status":"publish","type":"post","link":"https:\/\/www.europesays.com\/pt\/232042\/","title":{"rendered":"Os n\u00fameros do Euromilh\u00f5es que valem 77 milh\u00f5es de euros &#8211; Jornal de Not\u00edcias"},"content":{"rendered":"<ol>\n<li><a href=\"https:\/\/news.google.com\/rss\/articles\/CBMinwFBVV95cUxOTFNReFBKTVVqRHkxQ085SmFVZlR2d3QzVWxlWDh6RnRhV080YmswODNGcGY1YWhlMXkzVHNrOXhBb0UzSE1sTWZtTXhhWWJBWHp4ZEVaS0tFZXRIdjZqWlZrN2RncDNxaUlxakRObTVrU1FzREJyNk9rNUV6bHdDbFFfMHl0X3JZQjR5M09CMVJQSlQ0QUctZmQtdjNwcU3SAY8BQVVfeXFMTy00MXVEZmRMTWxqcU5nblFvVHlDT2Naem0wd3JmaG5EcnhYQUZMZk1Ub2lkNnpzSVVBVG5scHJ6ZF9MM2lyRjdORzB5SWxiQXhqTXc4NFliXzJveVp2bWMtVjQ1eFFoVTB1blJnaXpoSHVzUkpmS2Y2SWQtYVk3WVFEYWZRbnhGenNUYmNXSjg?oc=5\" target=\"_blank\" rel=\"nofollow noopener\">Os n\u00fameros do Euromilh\u00f5es que valem 77 milh\u00f5es de euros<\/a>&nbsp;&nbsp;Jornal de Not\u00edcias<\/li>\n<li><a href=\"https:\/\/news.google.com\/rss\/articles\/CBMimwFBVV95cUxPaGlQUFRIaHF4dFBjRjJUSjRkdElzWGlhemxZXzI0LXJaTEZEMHFKSEJ2RnJ0MFA3WUpyTUhiTTFLV254Tk9ZeVdhLVkyVHozb093UmR3Ukszd2tuZVllMlJuV05DYXBfd0trTEl3RndRTXFDRHNxVDF1bW5Mb3Bsejk3RVZXQjJMU1VqallzV2pTT2NjQUprSnI3OA?oc=5\" target=\"_blank\" rel=\"nofollow noopener\">Euromilh\u00f5es: esta chave d\u00e1 77 milh\u00f5es de euros<\/a>&nbsp;&nbsp;A Bola<\/li>\n<li><a href=\"https:\/\/news.google.com\/rss\/articles\/CBMi4AFBVV95cUxPUkQ4cFY5T2JvOU5DY2ozSmU1OVBfbnN3dUwtaUxnV1FuQ0ZUd255dF9QaFNYOXR0bXpkYUVwN1owa1gzQ0lxb2RnY21lYlpYdlF5OGNNeU1yc0VrYXNBNHVfM2V6blUzMHBNUVg3YU01MmRLQzlBZTBMMms0dDJXdUVmRENEQjJxVXFWRDhSS0pUY2VJODBEcG01X0xJV1p3RUxrWml4Uy1hNkNKNmdxMkNUSWpuWDl1eW5HUlVjWm4tb3hCSFQ5UVFmLW41RkFteUlDVGJCWjFyZ0pQTVk2QQ?oc=5\" target=\"_blank\" rel=\"nofollow noopener\">Janeiro j\u00e1 vai a meio, mas ainda pode ganhar 77 milh\u00f5es de euros. Conhe\u00e7a aqui a chave vencedora do Euromilh\u00f5es<\/a>&nbsp;&nbsp;24 Not\u00edcias<\/li>\n<li><a href=\"https:\/\/news.google.com\/rss\/articles\/CBMivwFBVV95cUxOYXlNRHFPUEpyT2dWdmdkdWRxNng2amNianlCYi1PbFVHUE5uYlVrR1NDSUtJekJZN005RjcyWHJOVW9hU1BGSEswVk1OaE5GZTZ4aFZmUXAyVzZVV093YUxidWZPcFRvdnduS2I3UHE1UkhKY184OTBtZ2E2WWZpeGJvQkdRZkdFdzR2amJ2VEc2NUtlQkZ2TW0xWE0ySHVpNW9OVWZwamQ0TnVHVldXc1pNRjVwT0JxTjlTODhYbw?oc=5\" target=\"_blank\" rel=\"nofollow noopener\">Euromilh\u00f5es: chave desta sexta-feira sem vencedor sobe jackpot para 64 milh\u00f5es de euros<\/a>&nbsp;&nbsp;R\u00e1dio Elvas<\/li>\n<li><a href=\"https:\/\/news.google.com\/rss\/articles\/CBMisAFBVV95cUxOMlplVDlMRVNlVWMwck82N0dUeWRMUjFaTzdYTE9HcHlCSWNIWkVfRWZ4WHAtRVFjR2RjVjktMGk2eHFVbVN5TXh4UnJlT2xqWlVQcGJOS3BUMmhmLVNTVUVURnhpVE02V3FMQmhEa1VVbGk0djZsbFhlWjU2elc2VmZDX1hvd2xoUy1OdmcwdjN2eUwwQUpIVlpNUTctNXVvbGppdG1SbXR4Y0RaQTh2Uw?oc=5\" target=\"_blank\" rel=\"nofollow noopener\">Jackpot de 77 milh\u00f5es de euros no sorteio de sexta-feira do Euromilh\u00f5es<\/a>&nbsp;&nbsp;Radio Campo Maior<\/li>\n<\/ol>\n","protected":false},"excerpt":{"rendered":"Os n\u00fameros do Euromilh\u00f5es que valem 77 milh\u00f5es de euros&nbsp;&nbsp;Jornal de Not\u00edcias Euromilh\u00f5es: esta chave d\u00e1 77 milh\u00f5es&hellip;\n","protected":false},"author":2,"featured_media":178189,"comment_status":"","ping_status":"","sticky":false,"template":"","format":"standard","meta":{"footnotes":""},"categories":[10],"tags":[27,28,11616,15,16,14,11034,25,26,21,22,619,12,13,19,20,32,23,24,33,6114,17,18,29,30,31],"class_list":{"0":"post-232042","1":"post","2":"type-post","3":"status-publish","4":"format-standard","5":"has-post-thumbnail","7":"category-portugal","8":"tag-breaking-news","9":"tag-breakingnews","10":"tag-euromilhoes","11":"tag-featured-news","12":"tag-featurednews","13":"tag-headlines","14":"tag-jackpot","15":"tag-latest-news","16":"tag-latestnews","17":"tag-main-news","18":"tag-mainnews","19":"tag-nacional","20":"tag-news","21":"tag-noticias","22":"tag-noticias-principais","23":"tag-noticiasprincipais","24":"tag-portugal","25":"tag-principais-noticias","26":"tag-principaisnoticias","27":"tag-pt","28":"tag-sorteio","29":"tag-top-stories","30":"tag-topstories","31":"tag-ultimas","32":"tag-ultimas-noticias","33":"tag-ultimasnoticias"},"share_on_mastodon":{"url":"https:\/\/pubeurope.com\/@pt\/115906978939366119","error":""},"_links":{"self":[{"href":"https:\/\/www.europesays.com\/pt\/wp-json\/wp\/v2\/posts\/232042","targetHints":{"allow":["GET"]}}],"collection":[{"href":"https:\/\/www.europesays.com\/pt\/wp-json\/wp\/v2\/posts"}],"about":[{"href":"https:\/\/www.europesays.com\/pt\/wp-json\/wp\/v2\/types\/post"}],"author":[{"embeddable":true,"href":"https:\/\/www.europesays.com\/pt\/wp-json\/wp\/v2\/users\/2"}],"replies":[{"embeddable":true,"href":"https:\/\/www.europesays.com\/pt\/wp-json\/wp\/v2\/comments?post=232042"}],"version-history":[{"count":0,"href":"https:\/\/www.europesays.com\/pt\/wp-json\/wp\/v2\/posts\/232042\/revisions"}],"wp:featuredmedia":[{"embeddable":true,"href":"https:\/\/www.europesays.com\/pt\/wp-json\/wp\/v2\/media\/178189"}],"wp:attachment":[{"href":"https:\/\/www.europesays.com\/pt\/wp-json\/wp\/v2\/media?parent=232042"}],"wp:term":[{"taxonomy":"category","embeddable":true,"href":"https:\/\/www.europesays.com\/pt\/wp-json\/wp\/v2\/categories?post=232042"},{"taxonomy":"post_tag","embeddable":true,"href":"https:\/\/www.europesays.com\/pt\/wp-json\/wp\/v2\/tags?post=232042"}],"curies":[{"name":"wp","href":"https:\/\/api.w.org\/{rel}","templated":true}]}}