{"id":232043,"date":"2026-01-16T21:49:01","date_gmt":"2026-01-16T21:49:01","guid":{"rendered":"https:\/\/www.europesays.com\/pt\/232043\/"},"modified":"2026-01-16T21:49:01","modified_gmt":"2026-01-16T21:49:01","slug":"agente-do-ice-que-matou-mulher-em-minneapolis-sofreu-hemorragia-interna-apos-incidente-dizem-autoridades","status":"publish","type":"post","link":"https:\/\/www.europesays.com\/pt\/232043\/","title":{"rendered":"Agente do ICE que matou mulher em Minneapolis sofreu hemorragia interna ap\u00f3s incidente, dizem autoridades"},"content":{"rendered":"\n<p class=\" content-text__container \" data-track-category=\"Link no Texto\" data-track-links=\"\"> Identificado como Jonathan Ross, veterano do ICE com cerca de 10 anos de servi\u00e7o, foi levado ao hospital no mesmo dia, mas recebeu alta posteriormente, informou a secret\u00e1ria de Seguran\u00e7a Interna, Kristi Noem, em entrevistas anteriores. <\/p>\n<p class=\" content-text__container \" data-track-category=\"Link no Texto\" data-track-links=\"\"> V\u00eddeos feitos no local mostram Ross se afastando da cena ap\u00f3s os disparos, mas at\u00e9 o momento n\u00e3o h\u00e1 informa\u00e7\u00f5es p\u00fablicas detalhadas sobre a extens\u00e3o exata do sangramento ou sobre quaisquer tratamentos adicionais que ele tenha recebido desde ent\u00e3o. Autoridades tamb\u00e9m confirmaram que ele n\u00e3o retornou ao trabalho, mas n\u00e3o divulgaram motivos oficiais para sua aus\u00eancia. <\/p>\n<p class=\" content-text__container \" data-track-category=\"Link no Texto\" data-track-links=\"\"> O Departamento de Seguran\u00e7a Interna confirmou apenas que Ross foi hospitalizado e liberado no mesmo dia, sem comentar al\u00e9m disso sobre seus ferimentos. Em declara\u00e7\u00f5es feitas quando o caso ganhou aten\u00e7\u00e3o nacional, Noem descreveu o agente como um policial experiente que acreditava estar agindo em leg\u00edtima defesa pr\u00f3pria e de seus colegas no momento em que disparou sua arma. <\/p>\n","protected":false},"excerpt":{"rendered":"Identificado como Jonathan Ross, veterano do ICE com cerca de 10 anos de servi\u00e7o, foi levado ao hospital&hellip;\n","protected":false},"author":2,"featured_media":232044,"comment_status":"","ping_status":"","sticky":false,"template":"","format":"standard","meta":{"footnotes":""},"categories":[8],"tags":[27,28,235,15,16,319,14,1481,25,26,21,22,12,13,19,20,32,23,24,33,318,17,18,29,30,31],"class_list":{"0":"post-232043","1":"post","2":"type-post","3":"status-publish","4":"format-standard","5":"has-post-thumbnail","7":"category-principais-noticias","8":"tag-breaking-news","9":"tag-breakingnews","10":"tag-estados-unidos","11":"tag-featured-news","12":"tag-featurednews","13":"tag-hard-news","14":"tag-headlines","15":"tag-imigracao","16":"tag-latest-news","17":"tag-latestnews","18":"tag-main-news","19":"tag-mainnews","20":"tag-news","21":"tag-noticias","22":"tag-noticias-principais","23":"tag-noticiasprincipais","24":"tag-portugal","25":"tag-principais-noticias","26":"tag-principaisnoticias","27":"tag-pt","28":"tag-radar","29":"tag-top-stories","30":"tag-topstories","31":"tag-ultimas","32":"tag-ultimas-noticias","33":"tag-ultimasnoticias"},"share_on_mastodon":{"url":"","error":""},"_links":{"self":[{"href":"https:\/\/www.europesays.com\/pt\/wp-json\/wp\/v2\/posts\/232043","targetHints":{"allow":["GET"]}}],"collection":[{"href":"https:\/\/www.europesays.com\/pt\/wp-json\/wp\/v2\/posts"}],"about":[{"href":"https:\/\/www.europesays.com\/pt\/wp-json\/wp\/v2\/types\/post"}],"author":[{"embeddable":true,"href":"https:\/\/www.europesays.com\/pt\/wp-json\/wp\/v2\/users\/2"}],"replies":[{"embeddable":true,"href":"https:\/\/www.europesays.com\/pt\/wp-json\/wp\/v2\/comments?post=232043"}],"version-history":[{"count":0,"href":"https:\/\/www.europesays.com\/pt\/wp-json\/wp\/v2\/posts\/232043\/revisions"}],"wp:featuredmedia":[{"embeddable":true,"href":"https:\/\/www.europesays.com\/pt\/wp-json\/wp\/v2\/media\/232044"}],"wp:attachment":[{"href":"https:\/\/www.europesays.com\/pt\/wp-json\/wp\/v2\/media?parent=232043"}],"wp:term":[{"taxonomy":"category","embeddable":true,"href":"https:\/\/www.europesays.com\/pt\/wp-json\/wp\/v2\/categories?post=232043"},{"taxonomy":"post_tag","embeddable":true,"href":"https:\/\/www.europesays.com\/pt\/wp-json\/wp\/v2\/tags?post=232043"}],"curies":[{"name":"wp","href":"https:\/\/api.w.org\/{rel}","templated":true}]}}