{"id":232054,"date":"2026-01-16T21:58:11","date_gmt":"2026-01-16T21:58:11","guid":{"rendered":"https:\/\/www.europesays.com\/pt\/232054\/"},"modified":"2026-01-16T21:58:11","modified_gmt":"2026-01-16T21:58:11","slug":"guardiola-defende-amorim-se-fosse-assim-qualquer-um-era-treinador","status":"publish","type":"post","link":"https:\/\/www.europesays.com\/pt\/232054\/","title":{"rendered":"Guardiola defende Amorim: &#8220;Se fosse assim, qualquer um era treinador&#8221;"},"content":{"rendered":"<p>Pep Guardiola assumiu, esta sexta-feira, em confer\u00eancia de imprensa, qual ser\u00e1 o esquema t\u00e1tico que Michael Carrick, treinador interino do Manchester United, at\u00e9 ao final da presente temporada, ir\u00e1 apresentar, naquele que \u00e9 o encontro &#8216;cabe\u00e7a de cartaz&#8217; da 22.\u00aa jornada da Premier League, perante o &#8216;seu&#8217; Manchester City.<\/p>\n<p>Ruben Amorim, que foi demitido do cargo de timoneiro dos red devils h\u00e1 menos de duas semanas, apostou, desde o momento em que foi adquirido ao Sporting (em novembro de 2024, a troco de uma verba na ordem dos 11 milh\u00f5es de euros), no t\u00e3o badalado 3x4x3. A equipa pode, agora, regressar a um &#8216;desenho&#8217; assente numa linha de quatro defesas, mas, na opini\u00e3o do espanhol, o problema dos eternos rivais n\u00e3o \u00e9 esse.<\/p>\n<p>&#8220;Se jogas com uma linha de cinco na defesa e n\u00e3o funciona, e jogas com uma linha de quatro na defesa e tamb\u00e9m n\u00e3o funciona, ent\u00e3o, tens de jogar com uma linha de cinco&#8221;, come\u00e7ou por afirmar o respons\u00e1vel dos citizens, em declara\u00e7\u00f5es reproduzidas pela esta\u00e7\u00e3o televisiva brit\u00e2nica <a href=\"https:\/\/www.skysports.com\/football\/live-blog\/11095\/13025499\/man-city-transfer-news-rumours-and-gossip-live-updates-and-latest-on-deals-signings-loans-and-contracts\" target=\"_blank\" rel=\"noopener nofollow\">Sky Sports<\/a>.<\/p>\n<p>&#8220;Com uma linha de quatro na defesa, podes jogar extraordinariamente bem, e com uma linha de cinco na defesa, podes jogar extraordinariamente bem. Se mudasses e tudo estivesse bem, ent\u00e3o, qualquer um era treinador. Seria f\u00e1cil. N\u00e3o \u00e9 assim que funciona&#8221;, prosseguiu.<\/p>\n<p>&#8220;Os jogadores apresentam-se na sua melhor vers\u00e3o quando a equipa funciona bem, e n\u00e3o se apresentam na sua melhor vers\u00e3o quando a equipa n\u00e3o funciona bem&#8221;, completou.<\/p>\n<p>                                                    &#8220;Michael Carrick? Quando n\u00e3o tens informa\u00e7\u00f5es&#8230;&#8221;<\/p>\n<p>Questionado sobre a impress\u00e3o que guarda de Michael Carrick (que, aos 44 anos de idade, assumir\u00e1 o leme do Manchester United, temporariamente, j\u00e1 pela segunda vez), Pep Guardiola limitou-se a atirar: &#8220;Se n\u00e3o tens mais informa\u00e7\u00f5es sobre o advers\u00e1rio, tens de focar-te em ti mesmo e nos jogadores&#8221;.<\/p>\n<p>&#8220;Podes ter algumas ideias daquilo que o Middlesbrough fez, ou de quando o Michael foi interino do Manchester United, mas a t\u00e1tica tem a ver com os jogadores, e os jogadores com que ele ir\u00e1 contar, amanh\u00e3, ser\u00e3o diferentes daqueles com que contou, no Middlesbrough. N\u00e3o tenho um desconto de tempo para lhes dizer o que o Michael quer fazer&#8221;, refletiu.<\/p>\n<p>&#8220;Quando n\u00e3o tens informa\u00e7\u00f5es, o melhor \u00e9 focares-te em ti pr\u00f3prio. O jogo que fizemos, recentemente, contra o Chelsea, que tinha um novo treinador [Calum McFarlane], foi completamente diferente ao n\u00edvel da maneira como jogaram na segunda parte. \u00c9 por isso que tens de focar-te em ti mesmo&#8221;, acrescentou.<\/p>\n<p>J\u00e1 sobre esta &#8216;acesa&#8217; rivalidade, mesmo num per\u00edodo de maior debilidade por parte dos red devils, comentou: &#8220;\u00c9 o que \u00e9. Eu n\u00e3o posso controlar aquilo que o Manchester United fez. Eu n\u00e3o sei o que aconteceu, porque n\u00e3o estou l\u00e1&#8221;.<\/p>\n<p>                                                    &#8220;R\u00faben Dias vai regressar em breve&#8221;<\/p>\n<p>A terminar, Pep Guardiola &#8216;levantou o v\u00e9u&#8217; a prop\u00f3sito do boletim cl\u00ednico do Manchester City: &#8220;Sem o John [Stones], o R\u00faben [Dias] e Josko [Gvardiol], estamos numa situa\u00e7\u00e3o dif\u00edcil, n\u00e3o por um jogo, mas por um per\u00edodo prolongado. \u00c9 uma situa\u00e7\u00e3o dif\u00edcil. O R\u00faben vai regressar em breve. O Josko n\u00e3o, e o John logo veremos&#8221;.<\/p>\n<p>Leia Tamb\u00e9m: <a href=\"https:\/\/www.noticiasaominuto.com\/desporto\/2920437\/xabi-alonso-ou-tuchel-critico-de-ruben-amorim-escolhe-sucessor-no-united\" target=\"_blank\" rel=\"noopener noreferrer nofollow\">Xabi Alonso ou Tuchel? Cr\u00edtico de Ruben Amorim escolhe sucessor no United<\/a><\/p>\n","protected":false},"excerpt":{"rendered":"Pep Guardiola assumiu, esta sexta-feira, em confer\u00eancia de imprensa, qual ser\u00e1 o esquema t\u00e1tico que Michael Carrick, treinador&hellip;\n","protected":false},"author":2,"featured_media":232055,"comment_status":"","ping_status":"","sticky":false,"template":"","format":"standard","meta":{"footnotes":""},"categories":[87],"tags":[135,32,33,134],"class_list":{"0":"post-232054","1":"post","2":"type-post","3":"status-publish","4":"format-standard","5":"has-post-thumbnail","7":"category-desporto","8":"tag-desporto","9":"tag-portugal","10":"tag-pt","11":"tag-sports"},"share_on_mastodon":{"url":"https:\/\/pubeurope.com\/@pt\/115907022251649782","error":""},"_links":{"self":[{"href":"https:\/\/www.europesays.com\/pt\/wp-json\/wp\/v2\/posts\/232054","targetHints":{"allow":["GET"]}}],"collection":[{"href":"https:\/\/www.europesays.com\/pt\/wp-json\/wp\/v2\/posts"}],"about":[{"href":"https:\/\/www.europesays.com\/pt\/wp-json\/wp\/v2\/types\/post"}],"author":[{"embeddable":true,"href":"https:\/\/www.europesays.com\/pt\/wp-json\/wp\/v2\/users\/2"}],"replies":[{"embeddable":true,"href":"https:\/\/www.europesays.com\/pt\/wp-json\/wp\/v2\/comments?post=232054"}],"version-history":[{"count":0,"href":"https:\/\/www.europesays.com\/pt\/wp-json\/wp\/v2\/posts\/232054\/revisions"}],"wp:featuredmedia":[{"embeddable":true,"href":"https:\/\/www.europesays.com\/pt\/wp-json\/wp\/v2\/media\/232055"}],"wp:attachment":[{"href":"https:\/\/www.europesays.com\/pt\/wp-json\/wp\/v2\/media?parent=232054"}],"wp:term":[{"taxonomy":"category","embeddable":true,"href":"https:\/\/www.europesays.com\/pt\/wp-json\/wp\/v2\/categories?post=232054"},{"taxonomy":"post_tag","embeddable":true,"href":"https:\/\/www.europesays.com\/pt\/wp-json\/wp\/v2\/tags?post=232054"}],"curies":[{"name":"wp","href":"https:\/\/api.w.org\/{rel}","templated":true}]}}