{"id":232056,"date":"2026-01-16T21:59:36","date_gmt":"2026-01-16T21:59:36","guid":{"rendered":"https:\/\/www.europesays.com\/pt\/232056\/"},"modified":"2026-01-16T21:59:36","modified_gmt":"2026-01-16T21:59:36","slug":"homem-de-53-anos-e-a-primeira-vitima-de-dengue-no-estado-em-2026-g1","status":"publish","type":"post","link":"https:\/\/www.europesays.com\/pt\/232056\/","title":{"rendered":"Homem de 53 anos \u00e9 a primeira v\u00edtima de dengue no Estado em 2026 &#8211; G1"},"content":{"rendered":"<ol>\n<li><a href=\"https:\/\/news.google.com\/rss\/articles\/CBMi2gFBVV95cUxNWGVpajctUEVfRVQtbGxiQzZBU1lsRWl3QzNWaEtDMDhiUnQ1MDQ1MkNaU3l2Y3RjbnZBQTF6RnRsRnEwTUhOaEhMejRDZzRmU2JzaE5PUm5rdF9ZbVlaNlU4UVpEeXBkbk8yS1BLTnB0MVd6ZkpoTy1hVFN1anZMMWJ0TzBBMVN6YlhUQXplb0dHNUQ3SmRlTUV5VVVONjA4dEJncGN6NGF4TnNXdkhTQmh4WjNoZkxDemZ0dVNpb3JUUGw3NlVhN3VRM0JDdFZsX2Zib3RWNmk2Z9IB6AFBVV95cUxNbUhaR3NOeGpNT2VOWWx5Rjk5ZWwxTkNvWUpUclRjM3F4VS1pUnZMeHJUVGZuOUROMjhYTWkyOW9yRFI4bTlDakgwWERFQVIxRDgxZC1GcGQyMFJWVEY3WUsyOVNKT2VUN1hHSlZwTFRPdDR2V3NDUEFqLWdubnhIZkJsdUlvb1RwamRVa0hHcEhHc0RrNkNvRmQwak0xZy1halMxZW9aZ2F4ZEQtWEhOWHV6WnVwY3FJMHF6NHpWcU4zZFh5azNzRTFoX2xLTEVVeTlPTVJ3Q2RNRzZzLXFXeHNaZUVFelp1?oc=5\" target=\"_blank\" rel=\"nofollow noopener\">Homem de 53 anos \u00e9 a primeira v\u00edtima de dengue no Estado em 2026<\/a>&nbsp;&nbsp;G1<\/li>\n<li><a href=\"https:\/\/news.google.com\/rss\/articles\/CBMiuAFBVV95cUxPZ2hUYXFKcnRuOVdTa2ZaSW1sN2x6eWJlY2VvblROMEdmcnpPd2Vfaks2bUFxMndjMXlwZV9SV042S28taWduYlFpMjRTXzZWS2EwcGp1YmlLNFlDTWotRTZfVnF0LUpaMHVPSTY1NEJraDBsdmxES3ozZm1VSVo3UDhzY1hsVWF4R2g1UFJUa0pJSVY0Mm43YS14RHdYa2RvaVdKcUY3VEk1bjlOVFk1Z2Jmb2FJYkRj?oc=5\" target=\"_blank\" rel=\"nofollow noopener\">Estado de S\u00e3o Paulo confirma primeira morte por dengue em 2026<\/a>&nbsp;&nbsp;Ag\u00eancia Brasil<\/li>\n<li><a href=\"https:\/\/news.google.com\/rss\/articles\/CBMingFBVV95cUxNWEdDMnl0VXdhM2IzTmhtWnBRclVrVXpMVHhOZEY2c0tsQkN0MzFnNjdvdVRGc2hIdnUxalZnMTFYVE5BVFkzY0FOSWxXQm05U2hiaHFrTTFYMks4UzRfcUFnZkVBWGxVYmJWRGlMTkNDWFJqWmNwbXhnMDM3cjkyZXI1ZVluOHhfS3VoU19UdEdDejdaMkNPNVhSUW5XQQ?oc=5\" target=\"_blank\" rel=\"nofollow noopener\">Doen\u00e7a letal tem primeira morte confirmada no Brasil em 2026<\/a>&nbsp;&nbsp;Di\u00e1rio do Com\u00e9rcio<\/li>\n<li><a href=\"https:\/\/news.google.com\/rss\/articles\/CBMiV0FVX3lxTFBoNWoxOVJIb2ZMUjNzTXdyRXFCdUt4RFBUS3lUa3BURHdZLTRtTHJvR2tuYmpGckVqaDF5QXpFZ0RlVlZnY3FBUmFXcV9RQU9mVkdCMGdlYw?oc=5\" target=\"_blank\" rel=\"nofollow noopener\">TOP 10 not\u00edcias de hoje \u2013 15\/01\/2026 ABC do ABC<\/a>&nbsp;&nbsp;Portal ABC do ABC<\/li>\n<li><a href=\"https:\/\/news.google.com\/rss\/articles\/CBMirwFBVV95cUxNa3RhSldTRDN3T0t4RWFnSTAwYXo2OVhRSnpyS2lOeXUxV3AydWpnM3RaOWdSemJHRFZ5TXZFM3V0djV6RllrNlJOakhpdjlFYV9jNjlTRFBhb3I3YTA1UjlwOGxHVjViX1ZVVm5MdFV2Z1pxZXdVNWFjQzFYLUdOVXpJRTE4MkVQN1RjRnNKVTAtMzVpcHFyTGR3clRmYzdBUENSdGdpQ3FnQTMxMkNN0gG-AUFVX3lxTE9OSlh5cmJCMWtTTzZ2MkQzcU9KY05PMlR6Y09xNEdBU2VkZ2h4QmVad2RpY0pFdUtlaHg5ZUxDUFd1ZnlwRVlaZGMxb3EtUUJ2TkFyekd0cTgxQ3dIWUYzaHQzSUpjbXZKN3BXTzloMlhOTXpvcVNkWlVlb3JrMWF0aWptdHBQY0JLbDBXV0JRSGVPQXk4cnZ4ZW43UVNPWVdhc2FyUC1KbTdTcGhlT0dQQkJaTDdLaGtJNl9janc?oc=5\" target=\"_blank\" rel=\"nofollow noopener\">Estado de SP registra a 1\u2060\u00aa morte por dengue em 2026<\/a>&nbsp;&nbsp;G1<\/li>\n<\/ol>\n","protected":false},"excerpt":{"rendered":"Homem de 53 anos \u00e9 a primeira v\u00edtima de dengue no Estado em 2026&nbsp;&nbsp;G1 Estado de S\u00e3o Paulo&hellip;\n","protected":false},"author":2,"featured_media":101378,"comment_status":"","ping_status":"","sticky":false,"template":"","format":"standard","meta":{"footnotes":""},"categories":[86],"tags":[116,32,33,117],"class_list":{"0":"post-232056","1":"post","2":"type-post","3":"status-publish","4":"format-standard","5":"has-post-thumbnail","7":"category-saude","8":"tag-health","9":"tag-portugal","10":"tag-pt","11":"tag-saude"},"share_on_mastodon":{"url":"https:\/\/pubeurope.com\/@pt\/115907026115708728","error":""},"_links":{"self":[{"href":"https:\/\/www.europesays.com\/pt\/wp-json\/wp\/v2\/posts\/232056","targetHints":{"allow":["GET"]}}],"collection":[{"href":"https:\/\/www.europesays.com\/pt\/wp-json\/wp\/v2\/posts"}],"about":[{"href":"https:\/\/www.europesays.com\/pt\/wp-json\/wp\/v2\/types\/post"}],"author":[{"embeddable":true,"href":"https:\/\/www.europesays.com\/pt\/wp-json\/wp\/v2\/users\/2"}],"replies":[{"embeddable":true,"href":"https:\/\/www.europesays.com\/pt\/wp-json\/wp\/v2\/comments?post=232056"}],"version-history":[{"count":0,"href":"https:\/\/www.europesays.com\/pt\/wp-json\/wp\/v2\/posts\/232056\/revisions"}],"wp:featuredmedia":[{"embeddable":true,"href":"https:\/\/www.europesays.com\/pt\/wp-json\/wp\/v2\/media\/101378"}],"wp:attachment":[{"href":"https:\/\/www.europesays.com\/pt\/wp-json\/wp\/v2\/media?parent=232056"}],"wp:term":[{"taxonomy":"category","embeddable":true,"href":"https:\/\/www.europesays.com\/pt\/wp-json\/wp\/v2\/categories?post=232056"},{"taxonomy":"post_tag","embeddable":true,"href":"https:\/\/www.europesays.com\/pt\/wp-json\/wp\/v2\/tags?post=232056"}],"curies":[{"name":"wp","href":"https:\/\/api.w.org\/{rel}","templated":true}]}}