{"id":232057,"date":"2026-01-16T22:02:08","date_gmt":"2026-01-16T22:02:08","guid":{"rendered":"https:\/\/www.europesays.com\/pt\/232057\/"},"modified":"2026-01-16T22:02:08","modified_gmt":"2026-01-16T22:02:08","slug":"nova-sociedade-de-advogados-imolaw-aposta-na-assessoria-juridica-e-fiscal-especializada-no-imobiliario","status":"publish","type":"post","link":"https:\/\/www.europesays.com\/pt\/232057\/","title":{"rendered":"Nova sociedade de advogados Imolaw aposta na assessoria jur\u00eddica e fiscal especializada no imobili\u00e1rio"},"content":{"rendered":"<p>        A Imolaw abriu em Lisboa, e durante este ano ir\u00e1 investir numa nova sede. A sociedade liderada por Carolina Ca\u00e7ador prev\u00ea a abertura de um escrit\u00f3rio em Madrid no ano de 2028, como parte do seu plano de internacionaliza\u00e7\u00e3o.    <\/p>\n<p>H\u00e1 uma nova sociedade de advogados em Lisboa especializada em assessoria jur\u00eddica e fiscal especializada no mercado imobili\u00e1rio. A Imolaw nasceu em 2025 e tem sede na Avenida da Liberdade, em Lisboa.<\/p>\n<p>A nova sociedade de advogados tem tr\u00eas s\u00f3cios: Samir Daud; Carolina Ca\u00e7ador; e Cristina Cravid\u00e3o.<\/p>\n<p>Em entrevista ao Jornal Econ\u00f3mico, a Managing Partner, Carolina Ca\u00e7ador, revela que \u201cenquanto sociedade vocacionada para a presta\u00e7\u00e3o de servi\u00e7os jur\u00eddicos especializados, a sua atua\u00e7\u00e3o incide predominantemente nas \u00e1reas do Direito Imobili\u00e1rio, Direito Fiscal e Direito Societ\u00e1rio, com um enfoque particular e distintivo no Direito Imobili\u00e1rio, \u00e1rea na qual concentra a maior parte da sua atividade e know-how\u201d.<\/p>\n<p>\u201cA sociedade posiciona-se como um parceiro jur\u00eddico de refer\u00eancia em opera\u00e7\u00f5es imobili\u00e1rias, assessorando clientes em todas as fases do ciclo do investimento\u201d, revela a advogada coordenadora.<\/p>\n<p>No site a Imolaw apresenta-se como tendo uma vasta experi\u00eancia em Real Estate com mais de 3.000 transa\u00e7\u00f5es conclu\u00eddas com sucesso. Carolina Ca\u00e7ador confirma que se reportam essencialmente a opera\u00e7\u00f5es realizadas em Portugal.<\/p>\n<p>\u201cUm dos s\u00f3cios \u00e9 promotor e investidor imobili\u00e1rio, com interven\u00e7\u00e3o direta e cont\u00ednua em m\u00faltiplas transa\u00e7\u00f5es imobili\u00e1rias\u201d, explica a advogada. \u201cOs restantes s\u00f3cios det\u00eam igualmente uma experi\u00eancia significativa na assessoria jur\u00eddica a opera\u00e7\u00f5es imobili\u00e1rias de diversa natureza e complexidade, incluindo escrituras de compra e venda, partilhas, heran\u00e7as, doa\u00e7\u00f5es, execu\u00e7\u00f5es e penhoras, hipotecas, procura\u00e7\u00e3o e representa\u00e7\u00e3o de bancos e investidores bem como neg\u00f3cios correntes relativos a ativos comerciais, log\u00edsticos e habitacionais. Esta experi\u00eancia acumulada permite \u00e0 Imolaw prestar um acompanhamento jur\u00eddico s\u00f3lido, rigoroso e ajustado \u00e0s especificidades de cada opera\u00e7\u00e3o\u201d, acrescenta.<\/p>\n<p>Neste momento a Imolaw tem a sua sede em Lisboa, na Avenida da Liberdade, \u201cuma localiza\u00e7\u00e3o estrat\u00e9gica e central\u201d. Mas, \u201cno decurso do pr\u00f3ximo ano est\u00e1 prevista a aquisi\u00e7\u00e3o de um escrit\u00f3rio pr\u00f3prio, mantendo-se a localiza\u00e7\u00e3o principal no centro de Lisboa, refor\u00e7ando assim a estabilidade institucional e a proje\u00e7\u00e3o da sociedade no mercado jur\u00eddico\u201d, avan\u00e7a a Managing Partner.<\/p>\n<p>Carolina Ca\u00e7ador explica que \u201ca Imolaw tem uma estrat\u00e9gia de crescimento sustentado, assente na expans\u00e3o da sua base de clientes, no refor\u00e7o do n\u00famero de s\u00f3cios, bem como na integra\u00e7\u00e3o gradual de advogados estagi\u00e1rios, advogados associados e parceiros estrat\u00e9gicos\u201d.<\/p>\n<blockquote>\n<p>\u201cAdicionalmente, prev\u00ea-se a abertura de um escrit\u00f3rio em Madrid no ano de 2028, como parte do seu plano de internacionaliza\u00e7\u00e3o\u201d<\/p>\n<\/blockquote>\n<p>\u201cParalelamente, a sociedade encontra-se a estabelecer uma parceria com uma das maiores marcas de refer\u00eancia no setor da media\u00e7\u00e3o imobili\u00e1ria em Portugal, passando a assumir uma parte significativa dos atos jur\u00eddicos associados a esse setor\u201d, acrescenta Carolina Ca\u00e7ador.<\/p>\n<p>Adicionalmente, \u201cprev\u00ea-se a abertura de um escrit\u00f3rio em Madrid no ano de 2028, como parte do seu plano de internacionaliza\u00e7\u00e3o\u201d, avan\u00e7a acrescentando que \u201cencontra-se j\u00e1 delineada a cria\u00e7\u00e3o de uma estrutura em Madrid, a qual permitir\u00e1 \u00e0 sociedade alargar a sua presen\u00e7a ao mercado espanhol e prestar assessoria jur\u00eddica em opera\u00e7\u00f5es de dimens\u00e3o internacional, com particular enfoque no contexto ib\u00e9rico\u201d.<\/p>\n<p>Na entrevista a respons\u00e1vel pela nova sociedade de advogados adianta tamb\u00e9m que \u201cat\u00e9 2028, a atua\u00e7\u00e3o da Imolaw estar\u00e1 concentrada exclusivamente em Portugal\u201d.<\/p>\n<p>A respons\u00e1vel diz ainda que \u201ca Imolaw presta atualmente servi\u00e7os jur\u00eddicos a clientes estrangeiros que pretendem estabelecer-se em Portugal, nomeadamente em Lisboa, assegurando a sua representa\u00e7\u00e3o legal e o acompanhamento integral dos respetivos processos, incluindo a obten\u00e7\u00e3o de n\u00famero de identifica\u00e7\u00e3o fiscal, a fixa\u00e7\u00e3o de domic\u00edlio fiscal, bem como a assessoria nas demais \u00e1reas jur\u00eddicas necess\u00e1rias a uma mudan\u00e7a de resid\u00eancia ou \u00e0 realiza\u00e7\u00e3o de investimentos imobili\u00e1rios em territ\u00f3rio nacional\u201d.<\/p>\n","protected":false},"excerpt":{"rendered":"A Imolaw abriu em Lisboa, e durante este ano ir\u00e1 investir numa nova sede. A sociedade liderada por&hellip;\n","protected":false},"author":2,"featured_media":232058,"comment_status":"","ping_status":"","sticky":false,"template":"","format":"standard","meta":{"footnotes":""},"categories":[83],"tags":[88,89,90,44358,32,33],"class_list":{"0":"post-232057","1":"post","2":"type-post","3":"status-publish","4":"format-standard","5":"has-post-thumbnail","7":"category-empresas","8":"tag-business","9":"tag-economy","10":"tag-empresas","11":"tag-imolaw","12":"tag-portugal","13":"tag-pt"},"share_on_mastodon":{"url":"https:\/\/pubeurope.com\/@pt\/115907037964666825","error":""},"_links":{"self":[{"href":"https:\/\/www.europesays.com\/pt\/wp-json\/wp\/v2\/posts\/232057","targetHints":{"allow":["GET"]}}],"collection":[{"href":"https:\/\/www.europesays.com\/pt\/wp-json\/wp\/v2\/posts"}],"about":[{"href":"https:\/\/www.europesays.com\/pt\/wp-json\/wp\/v2\/types\/post"}],"author":[{"embeddable":true,"href":"https:\/\/www.europesays.com\/pt\/wp-json\/wp\/v2\/users\/2"}],"replies":[{"embeddable":true,"href":"https:\/\/www.europesays.com\/pt\/wp-json\/wp\/v2\/comments?post=232057"}],"version-history":[{"count":0,"href":"https:\/\/www.europesays.com\/pt\/wp-json\/wp\/v2\/posts\/232057\/revisions"}],"wp:featuredmedia":[{"embeddable":true,"href":"https:\/\/www.europesays.com\/pt\/wp-json\/wp\/v2\/media\/232058"}],"wp:attachment":[{"href":"https:\/\/www.europesays.com\/pt\/wp-json\/wp\/v2\/media?parent=232057"}],"wp:term":[{"taxonomy":"category","embeddable":true,"href":"https:\/\/www.europesays.com\/pt\/wp-json\/wp\/v2\/categories?post=232057"},{"taxonomy":"post_tag","embeddable":true,"href":"https:\/\/www.europesays.com\/pt\/wp-json\/wp\/v2\/tags?post=232057"}],"curies":[{"name":"wp","href":"https:\/\/api.w.org\/{rel}","templated":true}]}}