{"id":232063,"date":"2026-01-16T22:06:09","date_gmt":"2026-01-16T22:06:09","guid":{"rendered":"https:\/\/www.europesays.com\/pt\/232063\/"},"modified":"2026-01-16T22:06:09","modified_gmt":"2026-01-16T22:06:09","slug":"elisa-lucinda-celebra-o-corpo-em-video-de-biquini-fio-dental","status":"publish","type":"post","link":"https:\/\/www.europesays.com\/pt\/232063\/","title":{"rendered":"Elisa Lucinda celebra o corpo em v\u00eddeo de biqu\u00edni fio-dental"},"content":{"rendered":"<p data-end=\"503\" data-start=\"216\" class=\"bullet mt-0\" data-v-232111b4=\"\">No ar em &#8220;Cora\u00e7\u00e3o Acelerado&#8221;, novela das 19h da Globo, Elisa Lucinda, 67, chamou aten\u00e7\u00e3o nas redes sociais.<\/p>\n<p>O que aconteceu<\/p>\n<p data-end=\"503\" data-start=\"216\" class=\"bullet\" data-v-232111b4=\"\"><strong>Hoje, a atriz publicou um v\u00eddeo descontra\u00eddo gravado em casa, no Rio de Janeiro.<\/strong> Nas imagens, ela aparece usando um biqu\u00edni fio-dental e esbanjando naturalidade.<\/p>\n<p data-end=\"667\" data-start=\"505\" class=\"bullet\" data-v-232111b4=\"\"><strong>Na publica\u00e7\u00e3o, ela lembrou que completa 68 anos no dia 2 de fevereiro e fez quest\u00e3o de refor\u00e7ar que vive em paz com a pr\u00f3pria imagem, sem recorrer a artif\u00edcios.<\/strong> &#8220;Sextou. Minha amiga Renatinha fez esta edi\u00e7\u00e3o de um videozinho caseiro. Daqui a pouquinho fa\u00e7o anivers\u00e1rio. Estou satisfeita comigo. Tem vida viva por aqui, e do jeito que sonhei. Sem truques, sem filtros, tudo modelo original com acabamentos feitos pela pr\u00f3pria natureza. Simbora, meu povo&#8221;, escreveu Elisa Lucinda na legenda.<\/p>\n","protected":false},"excerpt":{"rendered":"No ar em &#8220;Cora\u00e7\u00e3o Acelerado&#8221;, novela das 19h da Globo, Elisa Lucinda, 67, chamou aten\u00e7\u00e3o nas redes sociais.&hellip;\n","protected":false},"author":2,"featured_media":232064,"comment_status":"","ping_status":"","sticky":false,"template":"","format":"standard","meta":{"footnotes":""},"categories":[145],"tags":[211,210,114,115,32,33],"class_list":{"0":"post-232063","1":"post","2":"type-post","3":"status-publish","4":"format-standard","5":"has-post-thumbnail","7":"category-celebridades","8":"tag-celebridades","9":"tag-celebrities","10":"tag-entertainment","11":"tag-entretenimento","12":"tag-portugal","13":"tag-pt"},"share_on_mastodon":{"url":"https:\/\/pubeurope.com\/@pt\/115907053922424362","error":""},"_links":{"self":[{"href":"https:\/\/www.europesays.com\/pt\/wp-json\/wp\/v2\/posts\/232063","targetHints":{"allow":["GET"]}}],"collection":[{"href":"https:\/\/www.europesays.com\/pt\/wp-json\/wp\/v2\/posts"}],"about":[{"href":"https:\/\/www.europesays.com\/pt\/wp-json\/wp\/v2\/types\/post"}],"author":[{"embeddable":true,"href":"https:\/\/www.europesays.com\/pt\/wp-json\/wp\/v2\/users\/2"}],"replies":[{"embeddable":true,"href":"https:\/\/www.europesays.com\/pt\/wp-json\/wp\/v2\/comments?post=232063"}],"version-history":[{"count":0,"href":"https:\/\/www.europesays.com\/pt\/wp-json\/wp\/v2\/posts\/232063\/revisions"}],"wp:featuredmedia":[{"embeddable":true,"href":"https:\/\/www.europesays.com\/pt\/wp-json\/wp\/v2\/media\/232064"}],"wp:attachment":[{"href":"https:\/\/www.europesays.com\/pt\/wp-json\/wp\/v2\/media?parent=232063"}],"wp:term":[{"taxonomy":"category","embeddable":true,"href":"https:\/\/www.europesays.com\/pt\/wp-json\/wp\/v2\/categories?post=232063"},{"taxonomy":"post_tag","embeddable":true,"href":"https:\/\/www.europesays.com\/pt\/wp-json\/wp\/v2\/tags?post=232063"}],"curies":[{"name":"wp","href":"https:\/\/api.w.org\/{rel}","templated":true}]}}