{"id":232067,"date":"2026-01-16T22:10:11","date_gmt":"2026-01-16T22:10:11","guid":{"rendered":"https:\/\/www.europesays.com\/pt\/232067\/"},"modified":"2026-01-16T22:10:11","modified_gmt":"2026-01-16T22:10:11","slug":"euphoria-trailer-da-3a-temporada-quebra-recorde-historico-de-visualizacoes-da-hbo","status":"publish","type":"post","link":"https:\/\/www.europesays.com\/pt\/232067\/","title":{"rendered":"Euphoria | Trailer da 3\u00aa temporada quebra recorde hist\u00f3rico de visualiza\u00e7\u00f5es da HBO"},"content":{"rendered":"<p class=\"wp-block-yoast-seo-estimated-reading-time yoast-reading-time__wrapper\">Estimated reading time: 2 minutos<\/p>\n<p>Quem disse que o hype acabou? O retorno de <a href=\"https:\/\/ovicio.com.br\/tag\/euphoria\" rel=\"nofollow noopener\" target=\"_blank\">Euphoria<\/a> provou que a s\u00e9rie continua sendo um fen\u00f4meno absoluto. O trailer da 3\u00aa temporada, lan\u00e7ado na \u00faltima quarta-feira (14), acumulou quase 100 milh\u00f5es de visualiza\u00e7\u00f5es em suas primeiras 48 horas.<\/p>\n<p>Com essa marca impressionante, a pr\u00e9via se tornou o trailer de uma s\u00e9rie original da <a href=\"https:\/\/ovicio.com.br\/tag\/hbo\/\" rel=\"nofollow noopener\" target=\"_blank\">HBO<\/a> mais assistido da hist\u00f3ria. O recorde reflete a enorme expectativa dos f\u00e3s, que aguardam novos epis\u00f3dios desde o encerramento da 2\u00aa temporada, l\u00e1 em fevereiro de 2022.<\/p>\n<p><a href=\"https:\/\/ovicio.com.br\/tag\/zendaya\" rel=\"nofollow noopener\" target=\"_blank\">Zendaya<\/a>, <a href=\"https:\/\/ovicio.com.br\/tag\/sydney-sweeney\" rel=\"nofollow noopener\" target=\"_blank\">Sydney Sweeney<\/a> e <a href=\"https:\/\/ovicio.com.br\/tag\/jacob-elordi\" rel=\"nofollow noopener\" target=\"_blank\">Jacob Elordi<\/a>, entre outros, reprisam seus pap\u00e9is, com os seus personagens agora tendo idades mais pr\u00f3ximas dos atores (gra\u00e7as a um salto temporal).<\/p>\n<p>A 3\u00aa temporada de <strong>Euphoria<\/strong> tem estreia marcada para o dia 12 de abril.<\/p>\n<p>Leia tamb\u00e9m sobre Euphoria:<\/p>\n","protected":false},"excerpt":{"rendered":"Estimated reading time: 2 minutos Quem disse que o hype acabou? O retorno de Euphoria provou que a&hellip;\n","protected":false},"author":2,"featured_media":232068,"comment_status":"","ping_status":"","sticky":false,"template":"","format":"standard","meta":{"footnotes":""},"categories":[142],"tags":[1661,114,115,10651,1626,3714,32,33,4165,151,14105],"class_list":{"0":"post-232067","1":"post","2":"type-post","3":"status-publish","4":"format-standard","5":"has-post-thumbnail","7":"category-tv","8":"tag-destaque","9":"tag-entertainment","10":"tag-entretenimento","11":"tag-euphoria","12":"tag-hbo","13":"tag-jacob-elordi","14":"tag-portugal","15":"tag-pt","16":"tag-sydney-sweeney","17":"tag-tv","18":"tag-zendaya"},"share_on_mastodon":{"url":"https:\/\/pubeurope.com\/@pt\/115907069585989459","error":""},"_links":{"self":[{"href":"https:\/\/www.europesays.com\/pt\/wp-json\/wp\/v2\/posts\/232067","targetHints":{"allow":["GET"]}}],"collection":[{"href":"https:\/\/www.europesays.com\/pt\/wp-json\/wp\/v2\/posts"}],"about":[{"href":"https:\/\/www.europesays.com\/pt\/wp-json\/wp\/v2\/types\/post"}],"author":[{"embeddable":true,"href":"https:\/\/www.europesays.com\/pt\/wp-json\/wp\/v2\/users\/2"}],"replies":[{"embeddable":true,"href":"https:\/\/www.europesays.com\/pt\/wp-json\/wp\/v2\/comments?post=232067"}],"version-history":[{"count":0,"href":"https:\/\/www.europesays.com\/pt\/wp-json\/wp\/v2\/posts\/232067\/revisions"}],"wp:featuredmedia":[{"embeddable":true,"href":"https:\/\/www.europesays.com\/pt\/wp-json\/wp\/v2\/media\/232068"}],"wp:attachment":[{"href":"https:\/\/www.europesays.com\/pt\/wp-json\/wp\/v2\/media?parent=232067"}],"wp:term":[{"taxonomy":"category","embeddable":true,"href":"https:\/\/www.europesays.com\/pt\/wp-json\/wp\/v2\/categories?post=232067"},{"taxonomy":"post_tag","embeddable":true,"href":"https:\/\/www.europesays.com\/pt\/wp-json\/wp\/v2\/tags?post=232067"}],"curies":[{"name":"wp","href":"https:\/\/api.w.org\/{rel}","templated":true}]}}